{"id":18854,"date":"2020-10-25T16:37:47","date_gmt":"2020-10-25T16:37:47","guid":{"rendered":"https:\/\/comtal.org\/?p=18854"},"modified":"2021-03-03T12:05:32","modified_gmt":"2021-03-03T12:05:32","slug":"emergencia-social","status":"publish","type":"post","link":"https:\/\/comtal.org\/es\/emergencia-social\/","title":{"rendered":"ACTUAMOS ANTE LA EMERGENCIA SOCIAL"},"content":{"rendered":"<p>Han pasado ya muchos meses desde que se inici\u00f3 la crisis sanitaria por el Covid-19, que nos llev\u00f3 a un confinamiento largo y lleno de incertidumbres. Enseguida detectamos las necesidades de ni\u00f1os\/as, j\u00f3venes y familias en situaci\u00f3n vulnerable y empezamos a trabajar para revertir su situaci\u00f3n y seguir acompa\u00f1\u00e1ndolos #CercaenlaDist\u00e0ncia.<br \/>\nHoy, hacemos balance de lo que hemos conseguido gracias a muchas personas, escuelas y empresas solidarias:<\/p>\n<ul>\n<li><span style=\"color: #ff9900;\"><strong>Dotar de dispositivos tecnol\u00f3gicos a 96 familias y j\u00f3venes sin recursos<\/strong><\/span><\/li>\n<li><span style=\"color: #ff9900;\"><strong>Entregar 100\u00a0kits\u00a0de material escolar a ni\u00f1os\/as y j\u00f3venes<\/strong><\/span><\/li>\n<li><span style=\"color: #ff9900;\"><strong>Donaci\u00f3n de 87\u00a0tarjetas monedero\u00a0a 60 familias para cubrir gastos de alimentaci\u00f3n e higiene<\/strong><\/span><\/li>\n<li><span style=\"color: #ff9900;\"><strong>Facilitar materiales de protecci\u00f3n para los ni\u00f1os y j\u00f3venes del Casal de Verano Tria<\/strong><\/span><\/li>\n<li><span style=\"color: #ff9900;\"><strong>Abrir cuatro servicios de acompa\u00f1amiento y orientaci\u00f3n\u00a0online, de lunes a viernes, para resolver dudas tecnol\u00f3gicas, escolares, jur\u00eddicas y laborales y para acompa\u00f1ar a las familias en el d\u00eda a d\u00eda.<\/strong><\/span><\/li>\n<li><span style=\"color: #ff9900;\"><strong>Dotar de alimentos frescos y envasados a los j\u00f3venes de nuestros hogares de promoci\u00f3n a la autonom\u00eda.<\/strong><\/span><\/li>\n<\/ul>\n<div class=\"one_half\"><span class=\"responsive\"><img loading=\"lazy\" decoding=\"async\" class=\"aligncenter wp-image-18847 size-full\" src=\"https:\/\/comtal.org\/wp-content\/uploads\/WhatsApp-Image-2020-05-29-at-17.59.25-e1594742968721.jpeg\" alt=\"\" width=\"2017\" height=\"1576\" srcset=\"https:\/\/comtal.org\/wp-content\/uploads\/WhatsApp-Image-2020-05-29-at-17.59.25-e1594742968721.jpeg 2017w, https:\/\/comtal.org\/wp-content\/uploads\/WhatsApp-Image-2020-05-29-at-17.59.25-e1594742968721-300x234.jpeg 300w, https:\/\/comtal.org\/wp-content\/uploads\/WhatsApp-Image-2020-05-29-at-17.59.25-e1594742968721-768x600.jpeg 768w, https:\/\/comtal.org\/wp-content\/uploads\/WhatsApp-Image-2020-05-29-at-17.59.25-e1594742968721-1024x800.jpeg 1024w, https:\/\/comtal.org\/wp-content\/uploads\/WhatsApp-Image-2020-05-29-at-17.59.25-e1594742968721-640x500.jpeg 640w, https:\/\/comtal.org\/wp-content\/uploads\/WhatsApp-Image-2020-05-29-at-17.59.25-e1594742968721-165x129.jpeg 165w\" sizes=\"auto, (max-width: 2017px) 100vw, 2017px\" \/><\/span><\/div>\n<div class=\"one_half last\"><span class=\"responsive\"><img loading=\"lazy\" decoding=\"async\" class=\"aligncenter size-full wp-image-18848\" src=\"https:\/\/comtal.org\/wp-content\/uploads\/WhatsApp-Image-2020-05-29-at-17.59.25-2.jpeg\" alt=\"\" width=\"1984\" height=\"1488\" srcset=\"https:\/\/comtal.org\/wp-content\/uploads\/WhatsApp-Image-2020-05-29-at-17.59.25-2.jpeg 1984w, https:\/\/comtal.org\/wp-content\/uploads\/WhatsApp-Image-2020-05-29-at-17.59.25-2-300x225.jpeg 300w, https:\/\/comtal.org\/wp-content\/uploads\/WhatsApp-Image-2020-05-29-at-17.59.25-2-768x576.jpeg 768w, https:\/\/comtal.org\/wp-content\/uploads\/WhatsApp-Image-2020-05-29-at-17.59.25-2-1024x768.jpeg 1024w, https:\/\/comtal.org\/wp-content\/uploads\/WhatsApp-Image-2020-05-29-at-17.59.25-2-172x129.jpeg 172w\" sizes=\"auto, (max-width: 1984px) 100vw, 1984px\" \/><\/span><\/div>\n<div class=\"clear\"><\/div>\n<p>Facilitar dispositivos electr\u00f3nicos y material escolar fue un primer paso para garantizar la continuidad formativa de quienes no ten\u00edan recursos pero tambi\u00e9n <strong>ha hecho falta acompa\u00f1ar a los padres, madres y referentes en el proceso vital de sus hijos e hijas.<\/strong><br \/>\nDurante estos \u00faltimos meses, la atenci\u00f3n individual ha cogido m\u00e1s fuerza que nunca, <strong>y nos hemos adaptado a horarios y necesidades para garantizar el bienestar emocional y educativo de las personas atendidas.<\/strong><\/p>\n<p><span style=\"color: #ff9900;\"><strong>SOLIDARIDAD EN TIEMPO DE CRISIS<\/strong><\/span><\/p>\n<p>Para poder abrir de nuevo los locales y cumplir los protocolos de seguridad sanitaria, necesit\u00e1bamos hacer una inversi\u00f3n extra en mascarillas, geles hidroalcoh\u00f2lics, guantes, term\u00f3metros y otros materiales para realizar las actividades con seguridad y medidas apropiadas.<\/p>\n<p><strong>Gracias a la donaci\u00f3n del Col\u00b7legi de Metges de Barcelona, hemos podido volver al trabajo e iniciar el Casal de Verano con toda la protecci\u00f3n necesaria.<\/strong><\/p>\n<p><span class=\"responsive\"><img loading=\"lazy\" decoding=\"async\" class=\"aligncenter size-full wp-image-18845\" src=\"https:\/\/comtal.org\/wp-content\/uploads\/mascaretes.jpg\" alt=\"\" width=\"2048\" height=\"1154\" srcset=\"https:\/\/comtal.org\/wp-content\/uploads\/mascaretes.jpg 2048w, https:\/\/comtal.org\/wp-content\/uploads\/mascaretes-300x169.jpg 300w, https:\/\/comtal.org\/wp-content\/uploads\/mascaretes-768x433.jpg 768w, https:\/\/comtal.org\/wp-content\/uploads\/mascaretes-1024x577.jpg 1024w, https:\/\/comtal.org\/wp-content\/uploads\/mascaretes-188x106.jpg 188w\" sizes=\"auto, (max-width: 2048px) 100vw, 2048px\" \/><\/span><\/p>\n<p>Otras empresas como <strong>Amazon,\u00a0CaixaBank\u00a0y Parlem Telecom\u00a0han contribuido a minimizar la brecha digital, m\u00e1s patente que nunca, a causa del cierre de las escuelas y la formaci\u00f3n a distancia<\/strong>, d\u00e1ndonos tabletas y tarjetas de conectividad para nuestros ni\u00f1os\/as y j\u00f3venes.<\/p>\n<p><span style=\"color: #ff9900;\"><strong>M\u00c1S QUE GRACIAS<\/strong><\/span><\/p>\n<p>Solo tenemos palabras de agradecimiento. Gracias a todos los que nos hab\u00e9is escuchado y ayudado durante este periodo excepcional. <strong>Gracias por vuestro compromiso y confianza:<\/strong><\/p>\n<p><span style=\"color: #ff9900;\">Amazon<\/span><\/p>\n<p><span style=\"color: #ff9900;\">Caixabank<\/span><\/p>\n<p><span style=\"color: #ff9900;\">Col\u00b7legi de Metges de Barcelona<\/span><\/p>\n<p><span style=\"color: #ff9900;\">Finestra Oberta<\/span><\/p>\n<p><span style=\"color: #ff9900;\">Imex Medical Global, S.L.<\/span><\/p>\n<p><span style=\"color: #ff9900;\">La Salle Bonanova<\/span><\/p>\n<p><span style=\"color: #ff9900;\">Mercabarna<\/span><\/p>\n<p><span style=\"color: #ff9900;\">Parlem Telecom<\/span><\/p>\n<p><span style=\"color: #ff9900;\">Particulares, socios\/as y voluntariado<\/span><\/p>\n<p>A\u00fan tenemos un mont\u00f3n de retos por delante.<br \/>\nEs tiempo de actuar y continuar trabajando para revertir las causas de vulnerabilidad acentuadas por la pandemia.<\/p>\n<p><span style=\"color: #ff9900;\"><strong>SEGUIMOS LUCHANDO PARA HACER FRENTE A LAS DESIGUALDADES.<\/strong><\/span><\/p>\n<p><span class=\"responsive\"><img loading=\"lazy\" decoding=\"async\" class=\"aligncenter size-full wp-image-18852\" src=\"https:\/\/comtal.org\/wp-content\/uploads\/gracies-1.jpg\" alt=\"\" width=\"680\" height=\"510\" srcset=\"https:\/\/comtal.org\/wp-content\/uploads\/gracies-1.jpg 680w, https:\/\/comtal.org\/wp-content\/uploads\/gracies-1-300x225.jpg 300w, https:\/\/comtal.org\/wp-content\/uploads\/gracies-1-172x129.jpg 172w\" sizes=\"auto, (max-width: 680px) 100vw, 680px\" \/><\/span><\/p>\n","protected":false},"excerpt":{"rendered":"<p>Han pasado ya muchos meses desde que se inici\u00f3 la crisis sanitaria por el Covid-19, que nos llev\u00f3 a un confinamiento largo y lleno de incertidumbres. Enseguida detectamos las necesidades [&hellip;]<\/p>\n","protected":false},"author":2,"featured_media":19047,"comment_status":"closed","ping_status":"closed","sticky":false,"template":"","format":"standard","meta":{"footnotes":""},"categories":[24,25,19,410],"tags":[340,339],"class_list":["post-18854","post","type-post","status-publish","format-standard","has-post-thumbnail","hentry","category-educacion","category-fundacioncomtal","category-general-es","category-trabajo-es","tag-brecha-digital","tag-solidaridad"],"_links":{"self":[{"href":"https:\/\/comtal.org\/es\/wp-json\/wp\/v2\/posts\/18854","targetHints":{"allow":["GET"]}}],"collection":[{"href":"https:\/\/comtal.org\/es\/wp-json\/wp\/v2\/posts"}],"about":[{"href":"https:\/\/comtal.org\/es\/wp-json\/wp\/v2\/types\/post"}],"author":[{"embeddable":true,"href":"https:\/\/comtal.org\/es\/wp-json\/wp\/v2\/users\/2"}],"replies":[{"embeddable":true,"href":"https:\/\/comtal.org\/es\/wp-json\/wp\/v2\/comments?post=18854"}],"version-history":[{"count":7,"href":"https:\/\/comtal.org\/es\/wp-json\/wp\/v2\/posts\/18854\/revisions"}],"predecessor-version":[{"id":20415,"href":"https:\/\/comtal.org\/es\/wp-json\/wp\/v2\/posts\/18854\/revisions\/20415"}],"wp:featuredmedia":[{"embeddable":true,"href":"https:\/\/comtal.org\/es\/wp-json\/wp\/v2\/media\/19047"}],"wp:attachment":[{"href":"https:\/\/comtal.org\/es\/wp-json\/wp\/v2\/media?parent=18854"}],"wp:term":[{"taxonomy":"category","embeddable":true,"href":"https:\/\/comtal.org\/es\/wp-json\/wp\/v2\/categories?post=18854"},{"taxonomy":"post_tag","embeddable":true,"href":"https:\/\/comtal.org\/es\/wp-json\/wp\/v2\/tags?post=18854"}],"curies":[{"name":"wp","href":"https:\/\/api.w.org\/{rel}","templated":true}]}}