{"id":18771,"date":"2020-06-04T17:44:07","date_gmt":"2020-06-04T17:44:07","guid":{"rendered":"https:\/\/comtal.org\/?p=18771"},"modified":"2020-06-09T10:59:25","modified_gmt":"2020-06-09T10:59:25","slug":"un-casal-de-verano-mas-que-necesario","status":"publish","type":"post","link":"https:\/\/comtal.org\/es\/un-casal-de-verano-mas-que-necesario\/","title":{"rendered":"UN CASAL DE VERANO M\u00c1S QUE NECESARIO"},"content":{"rendered":"<p>Llega el verano y <strong>queremos garantizar el derecho al ocio de m\u00e1s de 100 ni\u00f1os y j\u00f3venes que han estado emocionalmente afectados por la crisis sanitaria y el confinamiento.<\/strong><\/p>\n<p>Este verano, ni\u00f1os y adolescentes <strong>necesitan<\/strong> romper con la inactividad f\u00edsica y relacional de los \u00faltimos meses, reencontrarse con sus compa\u00f1eros y compa\u00f1eras, hacer nuevas amistades, disfrutar de la naturaleza, jugar al aire libre y <strong>recargar energ\u00edas.<\/strong><\/p>\n<p><span class=\"responsive\"><img loading=\"lazy\" decoding=\"async\" class=\"aligncenter size-full wp-image-18765\" src=\"https:\/\/comtal.org\/wp-content\/uploads\/NATURA.png\" alt=\"\" width=\"570\" height=\"428\" srcset=\"https:\/\/comtal.org\/wp-content\/uploads\/NATURA.png 570w, https:\/\/comtal.org\/wp-content\/uploads\/NATURA-300x225.png 300w, https:\/\/comtal.org\/wp-content\/uploads\/NATURA-172x129.png 172w\" sizes=\"auto, (max-width: 570px) 100vw, 570px\" \/><\/span><\/p>\n<p><span style=\"color: #ff9900;\"><strong>Qu\u00e9 har\u00e1n durante el casal?<\/strong><\/span><\/p>\n<p>Ni\u00f1os\/as y j\u00f3venes <strong>disfrutar\u00e1n de experiencias socioeducativas basadas en el ocio y trabajar\u00e1n en la reincorporaci\u00f3n de h\u00e1bitos saludables<\/strong> en sus rutinas.<br \/>\nComo siempre, velaremos para que grandes, medios\/as y peque\u00f1os\/as vivan\u00a0<strong>un verano de desconexi\u00f3n, aprendizajes y muchas sonrisas!<\/strong><\/p>\n<p><strong>\u00a0<span class=\"responsive\"><img loading=\"lazy\" decoding=\"async\" class=\"aligncenter size-full wp-image-18766\" src=\"https:\/\/comtal.org\/wp-content\/uploads\/PLAYA.png\" alt=\"\" width=\"685\" height=\"516\" srcset=\"https:\/\/comtal.org\/wp-content\/uploads\/PLAYA.png 685w, https:\/\/comtal.org\/wp-content\/uploads\/PLAYA-300x226.png 300w, https:\/\/comtal.org\/wp-content\/uploads\/PLAYA-171x129.png 171w\" sizes=\"auto, (max-width: 685px) 100vw, 685px\" \/><\/span><\/strong><\/p>\n<p>Como novedad, este a\u00f1o, \u00a0<strong>compaginaremos actividades de ocio con espacios de refuerzo<\/strong> y acompa\u00f1amiento escolar, <strong>para que<\/strong> ni\u00f1os, ni\u00f1as y adolescentes se <strong>preparen adecuadamente por el pr\u00f3ximo curso escolar.<\/strong><\/p>\n<p><span style=\"color: #ff9900;\"><strong>Medidas de protecci\u00f3n y seguridad<\/strong><\/span><\/p>\n<p>El equipo educativo del casal est\u00e1 trabajando intensamente para a<strong>daptarse a la situaci\u00f3n de excepcionalidad, organizando actividades donde se respete en todo momento los protocolos y las\u00a0medidas sanitarias decretadas<\/strong>\u00a0 por la administraci\u00f3n y el departamento de salud.<\/p>\n<p><span style=\"color: #ff9900;\"><strong>PROGRAMACI\u00d3N CASAL DE VERANO POR GRUPOS DE EDAD<\/strong><\/span><\/p>\n<p>El Casal de Verano 2020 empezar\u00e1 a partir del d\u00eda 29 de junio y finalizar\u00e1 entre el 17 y 31 de julio, seg\u00fan grupo de edad:<\/p>\n<ul>\n<li>Grupo de 3 a 5 a\u00f1os: del 29 de junio al 10 de julio.<\/li>\n<li>Grupo de 6 a 8 a\u00f1os: del 6 de julio al 17 de julio.<\/li>\n<li>Grupo de 9 a 12 a\u00f1os: del 20 de julio al 31 de julio.<\/li>\n<li>Grupo de 13 a 16 a\u00f1os: del 29 de junio al 3 de julio.<\/li>\n<\/ul>\n<p><span style=\"color: #ff9900;\"><strong>QUIERES HACER VOLUNTARIADO EN EL CASAL DE VERANO?<\/strong><\/span><\/p>\n<p>Si este verano est\u00e1s interesado\/a en hacer voluntariado durante las fechas que acabamos de mencionar, escr\u00edbenos a\u00a0<strong>voluntariat@comtal.org<\/strong>\u00a0o ll\u00e1manos al <strong>649 92 48 20<\/strong>.<br \/>\n<strong>Necesitamos gente como t\u00fa, comprometida, solidaria y con ganas de colaborar durante una semana como m\u00ednimo<\/strong>.<\/p>\n<p>Horario: de 10 h a 17 h de lunes a jueves y viernes de 10 h a 15 h, con comida y almuerzo incluido cada d\u00eda.<\/p>\n<p><span style=\"color: #ff9900;\"><strong>Cu\u00e1l es el papel de la persona voluntaria?<\/strong><\/span><\/p>\n<p><strong>\u00a0Los y las voluntarias podr\u00e1n apoyar al equipo educativo<\/strong> para acompa\u00f1ar adecuadamente a ni\u00f1os, ni\u00f1as y j\u00f3venes durante el verano y tambi\u00e9n podr\u00e1n proponer y <strong>dinamizar actividades<\/strong> educativas y de ocio aunque no tengan el carn\u00e9 de monitor\/a de ocio.<\/p>\n<p><strong><span style=\"color: #ff9900;\">Ap\u00fantate a hacer voluntariado. Recibir\u00e1s mucho m\u00e1s de lo que das!<\/span><\/strong><\/p>\n","protected":false},"excerpt":{"rendered":"<p>Llega el verano y queremos garantizar el derecho al ocio de m\u00e1s de 100 ni\u00f1os y j\u00f3venes que han estado emocionalmente afectados por la crisis sanitaria y el confinamiento. Este [&hellip;]<\/p>\n","protected":false},"author":2,"featured_media":18784,"comment_status":"closed","ping_status":"closed","sticky":false,"template":"","format":"standard","meta":{"footnotes":""},"categories":[21,24,25,1,19,28,30],"tags":[],"class_list":["post-18771","post","type-post","status-publish","format-standard","has-post-thumbnail","hentry","category-actividades-en-la-calle","category-educacion","category-fundacioncomtal","category-general","category-general-es","category-solidaridad","category-voluntariado"],"_links":{"self":[{"href":"https:\/\/comtal.org\/es\/wp-json\/wp\/v2\/posts\/18771","targetHints":{"allow":["GET"]}}],"collection":[{"href":"https:\/\/comtal.org\/es\/wp-json\/wp\/v2\/posts"}],"about":[{"href":"https:\/\/comtal.org\/es\/wp-json\/wp\/v2\/types\/post"}],"author":[{"embeddable":true,"href":"https:\/\/comtal.org\/es\/wp-json\/wp\/v2\/users\/2"}],"replies":[{"embeddable":true,"href":"https:\/\/comtal.org\/es\/wp-json\/wp\/v2\/comments?post=18771"}],"version-history":[{"count":5,"href":"https:\/\/comtal.org\/es\/wp-json\/wp\/v2\/posts\/18771\/revisions"}],"predecessor-version":[{"id":18789,"href":"https:\/\/comtal.org\/es\/wp-json\/wp\/v2\/posts\/18771\/revisions\/18789"}],"wp:featuredmedia":[{"embeddable":true,"href":"https:\/\/comtal.org\/es\/wp-json\/wp\/v2\/media\/18784"}],"wp:attachment":[{"href":"https:\/\/comtal.org\/es\/wp-json\/wp\/v2\/media?parent=18771"}],"wp:term":[{"taxonomy":"category","embeddable":true,"href":"https:\/\/comtal.org\/es\/wp-json\/wp\/v2\/categories?post=18771"},{"taxonomy":"post_tag","embeddable":true,"href":"https:\/\/comtal.org\/es\/wp-json\/wp\/v2\/tags?post=18771"}],"curies":[{"name":"wp","href":"https:\/\/api.w.org\/{rel}","templated":true}]}}