{"id":18636,"date":"2020-05-01T12:46:35","date_gmt":"2020-05-01T12:46:35","guid":{"rendered":"https:\/\/comtal.org\/?p=18636"},"modified":"2020-05-04T19:20:26","modified_gmt":"2020-05-04T19:20:26","slug":"servicios-de-atencion-online-durante-el-confinamiento","status":"publish","type":"post","link":"https:\/\/comtal.org\/es\/servicios-de-atencion-online-durante-el-confinamiento\/","title":{"rendered":"SERVICIOS DE ATENCI\u00d3N Y ORIENTACI\u00d3N ONLINE"},"content":{"rendered":"<p>En la Fundaci\u00f3 Comtal hemos puesto en marcha un <strong>servicio de orientaci\u00f3n y acompa\u00f1amiento online para atender a ni\u00f1os, ni\u00f1as, j\u00f3venes y familias en situaci\u00f3n vulnerable<\/strong> y poder estar, ahora m\u00e1s que nunca, a su lado #CercaenlaDistancia.<\/p>\n<p>El servicio de atenci\u00f3n \u00a0dispone de unos d\u00edas y horarios establecidos para poder<strong> responder con profesionalidad y de manera personalizada las necesidades y consultas \u00a0en el \u00e1mbito laboral, jur\u00eddico, tecnol\u00f3gico y\/o educativo y familiar de todas aquellas personas que quieran hacer uso del recurso.<\/strong><\/p>\n<h3><span style=\"color: #ffcc00;\"><span style=\"color: #ffcc00;\">Resumen tipo de servicios, <span style=\"font-size: 18.72px;\">d\u00edas<\/span>\u00a0y horarios de atenci\u00f3n:<\/span><\/span><\/h3>\n<p>&nbsp;<\/p>\n<table style=\"height: 424px;\" width=\"599\">\n<tbody>\n<tr>\n<td width=\"149\">\n<p style=\"text-align: center;\"><strong>Tipos de orientaci\u00f3n<\/strong><\/p>\n<\/td>\n<td style=\"text-align: center;\" width=\"146\"><b>D\u00eda\u00a0de la semana<\/b><\/td>\n<td style=\"text-align: center;\" width=\"116\"><b>Tel\u00e9fono\u00a0de contacto<\/b><\/td>\n<td width=\"161\">\n<p style=\"text-align: center;\"><strong>Correo\u00a0<\/strong><b>electr\u00f3nico<\/b><\/p>\n<\/td>\n<\/tr>\n<tr>\n<td width=\"149\">\n<p style=\"text-align: center;\"><strong>Orientaci\u00f3n Laboral<\/strong><\/p>\n<\/td>\n<td width=\"146\">\n<p style=\"text-align: center;\">\u00a0 jueves de 10 a 13h<\/p>\n<\/td>\n<td style=\"text-align: center;\" width=\"116\">630 139 051<\/td>\n<td style=\"text-align: center;\" width=\"161\">jove@comtal.org<\/td>\n<\/tr>\n<tr>\n<td width=\"149\">\n<p style=\"text-align: center;\"><strong>Orientaci\u00f3n Jur\u00eddica<\/strong><\/p>\n<\/td>\n<td width=\"146\">\n<p style=\"text-align: center;\">Lunes, mi\u00e9rcoles y viernes<br \/>\nde 10 a 13h<\/p>\n<\/td>\n<td width=\"116\">\n<p style=\"text-align: center;\">638 495 031<\/p>\n<\/td>\n<td width=\"161\">\n<p style=\"text-align: center;\">juridic@comtal.org<\/p>\n<\/td>\n<\/tr>\n<tr>\n<td style=\"text-align: center;\" width=\"149\"><strong>Orientaci\u00f3n T<\/strong><b>ecnol\u00f3gica<\/b><\/td>\n<td width=\"146\">\n<p style=\"text-align: center;\">Jueves y viernes<br \/>\nde 12 a 14h<\/p>\n<\/td>\n<td width=\"116\">\n<p style=\"text-align: center;\">643 744 168<\/p>\n<\/td>\n<td width=\"161\">\n<p style=\"text-align: center;\">aulaoberta.omnia@comtal.org<\/p>\n<\/td>\n<\/tr>\n<tr>\n<td style=\"text-align: center;\" width=\"149\"><strong>Orientaci\u00f3n Familiar y Escolar<\/strong><\/td>\n<td style=\"text-align: center;\" width=\"146\">Viernes de 10 a 13h<\/td>\n<td style=\"text-align: center;\" width=\"116\">638 56 62 68<\/td>\n<td width=\"161\">\n<p style=\"text-align: center;\">triaestudi@comtal.org<\/p>\n<\/td>\n<\/tr>\n<\/tbody>\n<\/table>\n<h3><\/h3>\n<h3><span style=\"color: #ffcc00;\"><strong>SERVICIO DE ORIENTACI\u00d3N LABORAL<\/strong><\/span><\/h3>\n<p><span class=\"responsive\"><img loading=\"lazy\" decoding=\"async\" class=\"aligncenter size-full wp-image-18556\" src=\"https:\/\/comtal.org\/wp-content\/uploads\/LABORAL.jpg\" alt=\"\" width=\"1599\" height=\"1187\" srcset=\"https:\/\/comtal.org\/wp-content\/uploads\/LABORAL.jpg 1599w, https:\/\/comtal.org\/wp-content\/uploads\/LABORAL-300x223.jpg 300w, https:\/\/comtal.org\/wp-content\/uploads\/LABORAL-768x570.jpg 768w, https:\/\/comtal.org\/wp-content\/uploads\/LABORAL-1024x760.jpg 1024w, https:\/\/comtal.org\/wp-content\/uploads\/LABORAL-174x129.jpg 174w\" sizes=\"auto, (max-width: 1599px) 100vw, 1599px\" \/><\/span><\/p>\n<p>Servicio activo todos los jueves de\u00a010h\u00a0a\u00a013h. Durante el horario establecido te podr\u00e1s informar sobre qu\u00e9 <b>cursos formativos online y gratuitos est\u00e1n disponibles seg\u00fan tus preferencias y \u00e1mbito profesional y cuales\u00a0son las ofertas de trabajo con necesidad de candidaturas<\/b>, entre otras.<\/p>\n<h3><span style=\"color: #ffcc00;\"><strong>SERVICIO DE ORIENTACI\u00d3N JUR\u00cdDICO<\/strong><\/span><\/h3>\n<p><span class=\"responsive\"><img loading=\"lazy\" decoding=\"async\" class=\"aligncenter size-full wp-image-18627\" src=\"https:\/\/comtal.org\/wp-content\/uploads\/foto.png\" alt=\"\" width=\"741\" height=\"408\" srcset=\"https:\/\/comtal.org\/wp-content\/uploads\/foto.png 741w, https:\/\/comtal.org\/wp-content\/uploads\/foto-300x165.png 300w, https:\/\/comtal.org\/wp-content\/uploads\/foto-188x104.png 188w\" sizes=\"auto, (max-width: 741px) 100vw, 741px\" \/><\/span><\/p>\n<p>El servicio est\u00e1 abierto todos los lunes, mi\u00e9rcoles y viernes de\u00a010h\u00a0a\u00a013h\u00a0con la intenci\u00f3n que nuestra profesional pueda resolver <strong>dudas relacionadas con el \u00e1mbito civil<\/strong> (obligaciones y contratos, temas hipotecarios, familiares..), \u00e1mbito <strong>penal<\/strong>, de <strong>extranjer\u00eda y laboral.<\/strong><\/p>\n<h3><span style=\"color: #ffcc00;\"><strong>SERVICIO DE ORIENTACI\u00d3N\u00a0<\/strong><\/span><span style=\"color: #ffcc00;\"><span style=\"font-size: 18.72px;\">TECNOL\u00d3GICO<\/span><\/span><\/h3>\n<p><span class=\"responsive\"><span class=\"responsive\"><\/span><img loading=\"lazy\" decoding=\"async\" class=\"aligncenter size-full wp-image-18623\" src=\"https:\/\/comtal.org\/wp-content\/uploads\/FC-2018-10-09-21.jpg\" alt=\"\" width=\"2048\" height=\"1365\" \/><\/span><\/p>\n<p>Se ofrece atenci\u00f3n personalizada todos los jueves y viernes de 12:00 a 14:00h\u00a0para <strong>resolver dudas inform\u00e1ticas y tecnol\u00f3gicas referentes a como utilizar internet, un dispositivo o una aplicaci\u00f3n<\/strong>, entre otras.<\/p>\n<h3><span style=\"color: #ffcc00;\"><strong>SERVICIO DE ORIENTACI\u00d3N FAMILIAR Y ESCOLAR<\/strong><\/span><\/h3>\n<p><span class=\"responsive\"><img loading=\"lazy\" decoding=\"async\" class=\"aligncenter size-full wp-image-18626\" src=\"https:\/\/comtal.org\/wp-content\/uploads\/FC-2018-10-18-16.jpg\" alt=\"\" width=\"2048\" height=\"1365\" srcset=\"https:\/\/comtal.org\/wp-content\/uploads\/FC-2018-10-18-16.jpg 2048w, https:\/\/comtal.org\/wp-content\/uploads\/FC-2018-10-18-16-300x200.jpg 300w, https:\/\/comtal.org\/wp-content\/uploads\/FC-2018-10-18-16-768x512.jpg 768w, https:\/\/comtal.org\/wp-content\/uploads\/FC-2018-10-18-16-1024x683.jpg 1024w, https:\/\/comtal.org\/wp-content\/uploads\/FC-2018-10-18-16-188x125.jpg 188w\" sizes=\"auto, (max-width: 2048px) 100vw, 2048px\" \/><\/span><\/p>\n<p>Abierto todos los viernes de\u00a010h\u00a0a\u00a013h\u00a0para hacer <strong>acompa\u00f1amiento a las familias<\/strong> con todo el nuevo proceso que se est\u00e1 dando en el sistema educativo. <strong>Escucha activa de sus preocupaciones, necesidades y estado emocional para orientarlas y asesorarlas como es debido en el crecimiento de sus hijos e hijas.<\/strong><\/p>\n<p>Juntos y juntas, <strong>#CercaenlaDistancia<\/strong>, saldremos adelante.<\/p>\n<p><span style=\"color: #ff9900;\"><strong>Estamos para ayudaros!<\/strong><\/span><\/p>\n","protected":false},"excerpt":{"rendered":"<p>En la Fundaci\u00f3 Comtal hemos puesto en marcha un servicio de orientaci\u00f3n y acompa\u00f1amiento online para atender a ni\u00f1os, ni\u00f1as, j\u00f3venes y familias en situaci\u00f3n vulnerable y poder estar, ahora [&hellip;]<\/p>\n","protected":false},"author":2,"featured_media":18642,"comment_status":"closed","ping_status":"closed","sticky":false,"template":"","format":"standard","meta":{"footnotes":""},"categories":[25,1,19],"tags":[323,319,322],"class_list":["post-18636","post","type-post","status-publish","format-standard","has-post-thumbnail","hentry","category-fundacioncomtal","category-general","category-general-es","tag-acompanamiento","tag-familias","tag-servicios-online"],"_links":{"self":[{"href":"https:\/\/comtal.org\/es\/wp-json\/wp\/v2\/posts\/18636","targetHints":{"allow":["GET"]}}],"collection":[{"href":"https:\/\/comtal.org\/es\/wp-json\/wp\/v2\/posts"}],"about":[{"href":"https:\/\/comtal.org\/es\/wp-json\/wp\/v2\/types\/post"}],"author":[{"embeddable":true,"href":"https:\/\/comtal.org\/es\/wp-json\/wp\/v2\/users\/2"}],"replies":[{"embeddable":true,"href":"https:\/\/comtal.org\/es\/wp-json\/wp\/v2\/comments?post=18636"}],"version-history":[{"count":5,"href":"https:\/\/comtal.org\/es\/wp-json\/wp\/v2\/posts\/18636\/revisions"}],"predecessor-version":[{"id":18691,"href":"https:\/\/comtal.org\/es\/wp-json\/wp\/v2\/posts\/18636\/revisions\/18691"}],"wp:featuredmedia":[{"embeddable":true,"href":"https:\/\/comtal.org\/es\/wp-json\/wp\/v2\/media\/18642"}],"wp:attachment":[{"href":"https:\/\/comtal.org\/es\/wp-json\/wp\/v2\/media?parent=18636"}],"wp:term":[{"taxonomy":"category","embeddable":true,"href":"https:\/\/comtal.org\/es\/wp-json\/wp\/v2\/categories?post=18636"},{"taxonomy":"post_tag","embeddable":true,"href":"https:\/\/comtal.org\/es\/wp-json\/wp\/v2\/tags?post=18636"}],"curies":[{"name":"wp","href":"https:\/\/api.w.org\/{rel}","templated":true}]}}