{"id":18562,"date":"2020-04-09T08:19:26","date_gmt":"2020-04-09T08:19:26","guid":{"rendered":"https:\/\/comtal.org\/?p=18562"},"modified":"2020-05-04T08:44:09","modified_gmt":"2020-05-04T08:44:09","slug":"mas-que-nunca-a-su-lado-cercaenladistancia","status":"publish","type":"post","link":"https:\/\/comtal.org\/es\/mas-que-nunca-a-su-lado-cercaenladistancia\/","title":{"rendered":"M\u00c1S QUE NUNCA, A SU LADO #CERCAENLADISTANCIA"},"content":{"rendered":"<p><strong>Los ni\u00f1os\/as y j\u00f3venes que atendemos necesitan m\u00e1s que nunca que estemos a su lado<\/strong>, que est\u00e9is a su lado.<\/p>\n<p><strong>La crisis sanitaria provocada por el\u00a0Covid-19\u00a0est\u00e1 agravando las situaciones de vulnerabilidad de los ni\u00f1os\/as, j\u00f3venes y familias que atendemos.<\/strong> Muchas familias no pueden hacer frente a las necesidades m\u00e1s b\u00e1sicas. La carencia de ingresos, las malas condiciones de habitabilidad, las diferencias en cuanto a oportunidades educativas y la carencia de recursos tecnol\u00f3gicos, entre otros, generan situaciones de angustia que acent\u00faan el malestar en su d\u00eda a d\u00eda.<\/p>\n<p><strong>Para hacer frente, trabajamos con m\u00e1s fuerza que nunca para seguir dando apoyo educativo y emocional a las personas que atendemos.<\/strong> En la mayor parte de los casos lo hacemos desde la distancia, pero con la misma proximidad de siempre.<\/p>\n<p><span class=\"responsive\"><img loading=\"lazy\" decoding=\"async\" class=\"aligncenter size-full wp-image-18580\" src=\"https:\/\/comtal.org\/wp-content\/uploads\/Rea-socioeducativa-e1567516636956-1.png\" alt=\"\" width=\"700\" height=\"371\" srcset=\"https:\/\/comtal.org\/wp-content\/uploads\/Rea-socioeducativa-e1567516636956-1.png 700w, https:\/\/comtal.org\/wp-content\/uploads\/Rea-socioeducativa-e1567516636956-1-300x159.png 300w, https:\/\/comtal.org\/wp-content\/uploads\/Rea-socioeducativa-e1567516636956-1-188x100.png 188w\" sizes=\"auto, (max-width: 700px) 100vw, 700px\" \/><\/span><\/p>\n<p><span style=\"color: #ff9900;\"><strong>Qu\u00e9 estamos haciendo?<\/strong><\/span><\/p>\n<ul>\n<li><strong>Llamadas y encuentros virtuales<\/strong> con los ni\u00f1os\/as, j\u00f3venes y familias <strong>para darles apoyo educativo y emocional.<\/strong><\/li>\n<li>Llamadas a las familias m\u00e1s vulnerables para<strong> detectar necesidades<\/strong> surgidas a ra\u00edz de la situaci\u00f3n de excepcionalidad.<\/li>\n<li>Publicaciones en el <strong>Instagram de la fundaci\u00f3n para estar cerca de las familias,<\/strong> publicar consejos, recomendaciones y recursos.<\/li>\n<li>Preparando el servicio para poder hacer las<strong> sesiones de refuerzo escolar de forma virtual<\/strong> y de forma coordinada con escuelas e institutos.<\/li>\n<\/ul>\n<p><span style=\"color: #ff9900;\"><b style=\"color: #ff9900;\">Qu\u00e9 necesidades estamos <\/b><span style=\"color: #ff9900;\"><b>detectando<\/b><\/span><b style=\"color: #ff9900;\">?<\/b><\/span><\/p>\n<ul>\n<li>Hay <strong>familias que han visto agravadas sus necesidades econ\u00f3micas y necesitar\u00edan recibir una ayuda de alimentaci\u00f3n,<\/strong> pero no disponemos de suficientes recursos para poderles ayudar.<\/li>\n<li>Hay <strong>mujeres que trabajan en residencias, limpiando hospitales o cuidando a gente mayor y\u00a0 no disponen de material de protecci\u00f3n<\/strong>.<\/li>\n<li>Muchos ni\u00f1os\/as y adolescentes <strong>no tienen ordenador o tableta y\u00a0wifi\u00a0para poder hacer el seguimiento escolar,<\/strong> as\u00ed que no pueden seguir el temario como el resto ni hacer los deberes.<\/li>\n<li><strong>Algunos ni\u00f1os\/as y familias no tienen material b\u00e1sico escolar<\/strong> ni para hacer actividades manuales (hojas, libros, colores&#8230;).<\/li>\n<li><strong>Ni\u00f1os\/as, j\u00f3venes y familias<\/strong> no pueden participar en encuentros virtuales porque <strong>no disponen de los medios tecnol\u00f3gicos<\/strong> para hacerlo (no pueden descargar las aplicaciones o no tienen datos), pero necesitan como todo el mundo apoyo para superar la angustia que est\u00e1n viviendo.<\/li>\n<\/ul>\n<p><strong>\u00a0<span class=\"responsive\"><img loading=\"lazy\" decoding=\"async\" class=\"aligncenter size-full wp-image-18555\" src=\"https:\/\/comtal.org\/wp-content\/uploads\/RESIDENCIAL.jpg\" alt=\"\" width=\"1299\" height=\"688\" srcset=\"https:\/\/comtal.org\/wp-content\/uploads\/RESIDENCIAL.jpg 1299w, https:\/\/comtal.org\/wp-content\/uploads\/RESIDENCIAL-300x159.jpg 300w, https:\/\/comtal.org\/wp-content\/uploads\/RESIDENCIAL-768x407.jpg 768w, https:\/\/comtal.org\/wp-content\/uploads\/RESIDENCIAL-1024x542.jpg 1024w, https:\/\/comtal.org\/wp-content\/uploads\/RESIDENCIAL-188x100.jpg 188w\" sizes=\"auto, (max-width: 1299px) 100vw, 1299px\" \/><\/span><\/strong><\/p>\n<p><span style=\"color: #ff9900;\"><strong>Qu\u00e9 estamos haciendo?<\/strong><\/span><\/p>\n<ul>\n<li><strong>Los chicos y chicas del\u00a0CRAE\u00a0siguen una rutina diaria<\/strong> para no perder h\u00e1bitos y que los d\u00edas se hagan m\u00e1s f\u00e1ciles.<\/li>\n<li>Continuamos teniendo <strong>seguimiento telef\u00f3nico o telem\u00e1tico del\u00a0CSMIJ, los\u00a0EAIA&#8217;s, la DGAIA y el Consorcio de Servicios Sociales<\/strong>. Con estos dos \u00faltimos mantenemos contacto diario para hacer un control de c\u00f3mo est\u00e1 la situaci\u00f3n en el centro y para ver si hay infectados de\u00a0COVID-19.<\/li>\n<li><strong>Los j\u00f3venes de los hogares siguen sus formaciones online<\/strong>, y tienen seguimiento tanto por parte de las tutoras, como del equipo educativo.<\/li>\n<li><strong>Hacemos que los j\u00f3venes practiquen<\/strong> una rutina diaria deportiva para fomentar los <strong>h\u00e1bitos saludables.<\/strong><\/li>\n<li><strong>Ofrecemos acompa\u00f1amiento y apoyo constante,<\/strong> les facilitamos material para hacer pr\u00e1ctica deportiva y les enviamos dinero para la comida.<\/li>\n<\/ul>\n<p><span style=\"color: #ff9900;\"><strong>Qu\u00e9 necesidades estamos detactando?<\/strong><\/span><\/p>\n<ul>\n<li>Se est\u00e1n agravando las problem\u00e1ticas que viven las\u00a0familias\u00a0de los adolescentes y j\u00f3venes del\u00a0CRAE.<\/li>\n<li>Algunos j\u00f3venes del hogar viven con preocupaci\u00f3n c\u00f3mo el confinamiento afectar\u00e1 la finalizaci\u00f3n de sus formaciones, la realizaci\u00f3n de las pr\u00e1cticas, etc. puesto que la ayuda que reciben para vivir en el hogar es limitada.<\/li>\n<\/ul>\n<p><span class=\"responsive\"><img loading=\"lazy\" decoding=\"async\" class=\"aligncenter size-full wp-image-18581\" src=\"https:\/\/comtal.org\/wp-content\/uploads\/rea-de-orientaci\u00f3n-e-inserci\u00f3n-sociolaboral-e1567516591839-1.png\" alt=\"\" width=\"700\" height=\"371\" srcset=\"https:\/\/comtal.org\/wp-content\/uploads\/rea-de-orientaci\u00f3n-e-inserci\u00f3n-sociolaboral-e1567516591839-1.png 700w, https:\/\/comtal.org\/wp-content\/uploads\/rea-de-orientaci\u00f3n-e-inserci\u00f3n-sociolaboral-e1567516591839-1-300x159.png 300w, https:\/\/comtal.org\/wp-content\/uploads\/rea-de-orientaci\u00f3n-e-inserci\u00f3n-sociolaboral-e1567516591839-1-188x100.png 188w\" sizes=\"auto, (max-width: 700px) 100vw, 700px\" \/><\/span><\/p>\n<p><span style=\"color: #ff9900;\"><strong>Qu\u00e9 estamos haciendo?<\/strong><\/span><\/p>\n<ul>\n<li><strong>Gesti\u00f3n de ofertas relacionadas b\u00e1sicamente con el sector sanitario<\/strong>: auxiliar de geriatr\u00eda, auxiliar de enfermer\u00eda, control de accesos cl\u00ednica y limpieza de hospital.<\/li>\n<li><strong>Apoyar a las personas que han perdido su trabajo<\/strong> o est\u00e1n afectadas por un\u00a0ERTE.<\/li>\n<li><strong>Seguimiento post-inserci\u00f3n a las personas que est\u00e1n trabajando en primera l\u00ednea<\/strong>, como Fatiha, operaria de limpieza hospitalaria o Adda, enfermero.<\/li>\n<\/ul>\n<p><span class=\"responsive\"><img loading=\"lazy\" decoding=\"async\" class=\"aligncenter size-full wp-image-18556\" src=\"https:\/\/comtal.org\/wp-content\/uploads\/LABORAL.jpg\" alt=\"\" width=\"1599\" height=\"1187\" srcset=\"https:\/\/comtal.org\/wp-content\/uploads\/LABORAL.jpg 1599w, https:\/\/comtal.org\/wp-content\/uploads\/LABORAL-300x223.jpg 300w, https:\/\/comtal.org\/wp-content\/uploads\/LABORAL-768x570.jpg 768w, https:\/\/comtal.org\/wp-content\/uploads\/LABORAL-1024x760.jpg 1024w, https:\/\/comtal.org\/wp-content\/uploads\/LABORAL-174x129.jpg 174w\" sizes=\"auto, (max-width: 1599px) 100vw, 1599px\" \/><\/span><\/p>\n<p><span style=\"color: #ff9900;\"><b style=\"color: #ff9900;\">Qu\u00e9 necesidades estamos <\/b><span style=\"color: #ff9900;\"><b>detectando<\/b><\/span><b style=\"color: #ff9900;\">?<\/b><\/span><\/p>\n<ul>\n<li><strong>Aumento del n\u00famero de personas paradas<\/strong>.<\/li>\n<li>Aumento de <strong>la precariedad laboral<\/strong> con contratos por d\u00edas.<\/li>\n<li>Aumento de los\u00a0ERTE&#8217;s\u00a0y como consecuencia <strong>aumento de las consultas sobre derechos laborales.<\/strong><\/li>\n<li>Desatenci\u00f3n de las personas que no trabajaban con contrataci\u00f3n.<\/li>\n<li><strong>Aumento de la carencia de ingresos regulares a los hogares.<\/strong><\/li>\n<\/ul>\n<p><strong>\u00a0<span class=\"responsive\"><img loading=\"lazy\" decoding=\"async\" class=\"aligncenter size-full wp-image-18582\" src=\"https:\/\/comtal.org\/wp-content\/uploads\/escuela-de-segunda-oportunidad-e1567516729675-1.png\" alt=\"\" width=\"700\" height=\"371\" srcset=\"https:\/\/comtal.org\/wp-content\/uploads\/escuela-de-segunda-oportunidad-e1567516729675-1.png 700w, https:\/\/comtal.org\/wp-content\/uploads\/escuela-de-segunda-oportunidad-e1567516729675-1-300x159.png 300w, https:\/\/comtal.org\/wp-content\/uploads\/escuela-de-segunda-oportunidad-e1567516729675-1-188x100.png 188w\" sizes=\"auto, (max-width: 700px) 100vw, 700px\" \/><\/span><\/strong><\/p>\n<p><span style=\"color: #ff9900;\"><strong>Qu\u00e9 estamos haciendo?<\/strong><\/span><\/p>\n<ul>\n<li><strong>Seguimiento individualizado a cada joven para que puedan estar acompa\u00f1ados<\/strong> mediante\u00a0el WhatsApp.<\/li>\n<li><strong>Classroom online<\/strong>\u00a0a trav\u00e9s de la plataforma\u00a0Google\u00a0por\u00a0cada\u00a0programa formativo, donde los alumnos disponen de los horarios de clase y de los trabajos de las materias.<\/li>\n<li><strong>Espacios de tutor\u00eda\u00a0grupal e individual<\/strong>\u00a0de forma\u00a0semanal a trav\u00e9s de la plataforma Zoom.<\/li>\n<li><strong>Creaci\u00f3n de un canal privado de Youtube<\/strong>\u00a0donde los profesionales van colgando tutoriales\u00a0y clases para que el alumnado pueda seguir las clases.<\/li>\n<\/ul>\n<p><span style=\"color: #ff9900;\"><b style=\"color: #ff9900;\">Qu\u00e9 necesidades estamos <\/b><span style=\"color: #ff9900;\"><b>detectando?<\/b><\/span><\/span><\/p>\n<ul>\n<li><strong>La mayor\u00eda del alumnado no dispone de equipos inform\u00e1ticos, ya sean\u00a0tablets\u00a0o\u00a0notebooks\u00a0para poder seguir los cursos de formaci\u00f3n.<\/strong> En estos momentos est\u00e1n usando sus tel\u00e9fonos m\u00f3viles para poder hacer las clases.<\/li>\n<li>De los 45 alumnos en activo que tenemos, solo <strong>una de las familias se encuentra sin conexi\u00f3n a Internet en casa.<\/strong> El resto, como la gran mayor\u00eda est\u00e1n en\u00a0CRAE&#8217;s o pisos tutelados\/de autonom\u00eda disponen de l\u00ednea wifi en casa.<\/li>\n<li>Los alumnos muestran angustia y\u00a0frustraci\u00f3n porque necesitan apoyo para seguir las clases, y porque la situaci\u00f3n de confinamiento est\u00e1 siendo cada vez m\u00e1s pesada.<\/li>\n<\/ul>\n<p><strong>En estos momentos tan excepcionales y dif\u00edciles para todo el mundo, nuestra responsabilidad es continuar garantizando el bienestar y derechos de todas las personas que atendemos<\/strong> y evitar que su situaci\u00f3n de vulnerabilidad se agrave a causa de la crisis global del\u00a0Covid-19.<\/p>\n<p><strong><span style=\"color: #ff9900;\">Nos ayudas a revertir la situaci\u00f3n?<\/span><\/strong><\/p>\n<p><strong>Con tu apoyo podremos:<\/strong><\/p>\n<ul>\n<li><strong>Ampliar el servicio de psicolog\u00eda y atenci\u00f3n emocional<\/strong>\u00a0para dar respuesta a las situaciones de angustia y malestar que est\u00e1n sufriendo los colectivos que atendemos.<\/li>\n<li><strong>Ampliar el recurso de ayuda a la alimentaci\u00f3n<\/strong>\u00a0a las familias que lo necesitan y a los j\u00f3venes que viven a nuestros hogares.<\/li>\n<li><strong>Asegurarnos que ni\u00f1os y j\u00f3venes tienen acceso a Internet y a un ordenador o\u00a0tablet<\/strong>\u00a0para poder seguir el curso escolar y las formaciones.<\/li>\n<\/ul>\n<div class=\"callout\">\n<div class=\"border clearfix\">\n<div class=\"callout-content\">\n<h2 class=\"highlight\">M\u00c1S QUE NUNCA, A SU LADO<\/h2>\n<p>##CERCAENLADISTANCIA\n      \t\t\t<\/p><\/div>\n<div class=\"callout-button\" style=\"margin:0px;\">\n      \t\t\t\t<a class=\"button normal alternative-1\" href=\"https:\/\/www.migranodearena.org\/reto\/21850\/ajudals-davant-lemergencia-social-causada-pel-covid-19\" target=\"_blank or _self\" rel=\"noopener\">HAZ UN DONATIVO<\/a>\n      \t\t\t<\/div>\n<\/div>\n<\/div>\n<p>&nbsp;<\/p>\n<p><strong>Muchas gracias!<\/strong><\/p>\n<p><span style=\"color: #ff9900;\"><strong>Trabajamos con m\u00e1s fuerza que nunca para seguir dando apoyo educativo y emocional a ni\u00f1os\/as, j\u00f3venes y familias en situaci\u00f3n vulnerable.<\/strong><\/span><\/p>\n","protected":false},"excerpt":{"rendered":"<p>Los ni\u00f1os\/as y j\u00f3venes que atendemos necesitan m\u00e1s que nunca que estemos a su lado, que est\u00e9is a su lado. La crisis sanitaria provocada por el\u00a0Covid-19\u00a0est\u00e1 agravando las situaciones de [&hellip;]<\/p>\n","protected":false},"author":2,"featured_media":18668,"comment_status":"closed","ping_status":"closed","sticky":false,"template":"","format":"standard","meta":{"footnotes":""},"categories":[22,25,19,28],"tags":[],"class_list":["post-18562","post","type-post","status-publish","format-standard","has-post-thumbnail","hentry","category-colaboradores","category-fundacioncomtal","category-general-es","category-solidaridad"],"_links":{"self":[{"href":"https:\/\/comtal.org\/es\/wp-json\/wp\/v2\/posts\/18562","targetHints":{"allow":["GET"]}}],"collection":[{"href":"https:\/\/comtal.org\/es\/wp-json\/wp\/v2\/posts"}],"about":[{"href":"https:\/\/comtal.org\/es\/wp-json\/wp\/v2\/types\/post"}],"author":[{"embeddable":true,"href":"https:\/\/comtal.org\/es\/wp-json\/wp\/v2\/users\/2"}],"replies":[{"embeddable":true,"href":"https:\/\/comtal.org\/es\/wp-json\/wp\/v2\/comments?post=18562"}],"version-history":[{"count":5,"href":"https:\/\/comtal.org\/es\/wp-json\/wp\/v2\/posts\/18562\/revisions"}],"predecessor-version":[{"id":18689,"href":"https:\/\/comtal.org\/es\/wp-json\/wp\/v2\/posts\/18562\/revisions\/18689"}],"wp:featuredmedia":[{"embeddable":true,"href":"https:\/\/comtal.org\/es\/wp-json\/wp\/v2\/media\/18668"}],"wp:attachment":[{"href":"https:\/\/comtal.org\/es\/wp-json\/wp\/v2\/media?parent=18562"}],"wp:term":[{"taxonomy":"category","embeddable":true,"href":"https:\/\/comtal.org\/es\/wp-json\/wp\/v2\/categories?post=18562"},{"taxonomy":"post_tag","embeddable":true,"href":"https:\/\/comtal.org\/es\/wp-json\/wp\/v2\/tags?post=18562"}],"curies":[{"name":"wp","href":"https:\/\/api.w.org\/{rel}","templated":true}]}}