{"id":18278,"date":"2020-04-04T18:05:39","date_gmt":"2020-04-04T18:05:39","guid":{"rendered":"https:\/\/comtal.org\/?p=18278"},"modified":"2020-04-14T12:57:41","modified_gmt":"2020-04-14T12:57:41","slug":"nuevas-oportunidades-por-sant-jordi","status":"publish","type":"post","link":"https:\/\/comtal.org\/es\/nuevas-oportunidades-por-sant-jordi\/","title":{"rendered":"UN SANT JORDI #CERCAENLADISTANCIA"},"content":{"rendered":"<p><strong>El\u00a0Covid-19\u00a0no nos para<\/strong>, pero nos hace\u00a0dar\u00a0un giro a la campa\u00f1a de Sant Jordi que lanzamos hace unos meses.<span style=\"color: #ff9900;\">\u00a0<\/span><strong><span style=\"color: #ff9900;\">Celebraremos la fiesta de una forma especial, #CercaenlaDistancia.<\/span><\/strong><\/p>\n<div><strong>Los ni\u00f1os, ni\u00f1as y j\u00f3venes que atendemos necesitan m\u00e1s que nunca que estemos a su lado<\/strong>, que est\u00e9is a su lado, puesto que la\u00a0crisis sanitaria ha agravado las situaciones de vulnerabilidad que sufr\u00edan.<\/div>\n<div><\/div>\n<div><\/div>\n<p><span style=\"color: #ff9900;\"><strong>\u00bfQuieres celebrar Sant Jordi con nosotros?<\/strong><\/span><\/p>\n<p><strong>Env\u00eda en formato digital a tu familia, amigos, amigas, trabajadores\/se, clientes y proveedores\u00a0la\u00a0rosa solidaria animada\u00a0y\u00a0el\u00a0video<\/strong> que nuestros ni\u00f1os est\u00e1n preparando desde casa para explicar la leyenda de Sant Jordi.<\/p>\n<p>Puedes enviarnos tu logotipo y\u00a0<strong>personalizaremos la felicitaci\u00f3n<\/strong>.<\/p>\n<p><span style=\"color: #ff9900;\"><strong>\u00a1Colabora!<\/strong><\/span><\/p>\n<p><strong>Haciendo\u00a0un\u00a0donativo\u00a0nos\u00a0ayudas\u00a0a seguir al lado\u00a0de los\u00a0ni\u00f1os, ni\u00f1as, j\u00f3venes\u00a0y\u00a0familias\u00a0<\/strong>ahora que\u00a0tanto\u00a0nos\u00a0necesitan.<\/p>\n<p>Si quieres participar ponte en contacto con nosotros y te enviaremos todo el material para que puedas celebrar este Sant Jordi #CercaenlaDistancia<\/p>\n<p>N\u00famero de\u00a0cuenta: ES3621003002002200314811<\/p>\n<p><span style=\"color: #ff9900;\"><strong>Contacto: <\/strong><\/span>Ainara Garcia,\u00a0<a href=\"mailto:fundraising@comtal.org\">fundraising@comtal.org<\/a>. \/ Maria Jos\u00e9 Rubio, <a href=\"mailto:comunicacio@comtal.org\">comunicacio@comtal.org<\/a>.\u00a0Tel. 932954636 \u2013 609734340<\/p>\n<div class=\"callout\">\n<div class=\"border clearfix\">\n<div class=\"callout-content\">\n<h2 class=\"highlight\">Ay\u00fadalos #CercaenlaDistancia<\/h2>\n<p>M\u00c1S QUE NUNCA, A SU LADO!\n      \t\t\t<\/p><\/div>\n<div class=\"callout-button\" style=\"margin:0px;\">\n      \t\t\t\t<a class=\"button normal alternative-1\" href=\" https:\/\/www1.caixabank.es\/apl\/donativos\/detalle_ca.html?DON_codigoCausa=348&amp;JSESSIONID=EF16PRVJhr8tvNJ30vAJh9B\" target=\"_blank or _self\">HAZ UN DONATIVO<\/a>\n      \t\t\t<\/div>\n<\/div>\n<\/div>\n<p>&nbsp;<\/p>\n<p><strong><span style=\"color: #ff9900;\">\u00a1Gracias por estar!<\/span><\/strong><\/p>\n","protected":false},"excerpt":{"rendered":"<p>El\u00a0Covid-19\u00a0no nos para, pero nos hace\u00a0dar\u00a0un giro a la campa\u00f1a de Sant Jordi que lanzamos hace unos meses.\u00a0Celebraremos la fiesta de una forma especial, #CercaenlaDistancia. Los ni\u00f1os, ni\u00f1as y j\u00f3venes [&hellip;]<\/p>\n","protected":false},"author":2,"featured_media":18544,"comment_status":"closed","ping_status":"closed","sticky":false,"template":"","format":"standard","meta":{"footnotes":""},"categories":[22,25,19,28],"tags":[],"class_list":["post-18278","post","type-post","status-publish","format-standard","has-post-thumbnail","hentry","category-colaboradores","category-fundacioncomtal","category-general-es","category-solidaridad"],"_links":{"self":[{"href":"https:\/\/comtal.org\/es\/wp-json\/wp\/v2\/posts\/18278","targetHints":{"allow":["GET"]}}],"collection":[{"href":"https:\/\/comtal.org\/es\/wp-json\/wp\/v2\/posts"}],"about":[{"href":"https:\/\/comtal.org\/es\/wp-json\/wp\/v2\/types\/post"}],"author":[{"embeddable":true,"href":"https:\/\/comtal.org\/es\/wp-json\/wp\/v2\/users\/2"}],"replies":[{"embeddable":true,"href":"https:\/\/comtal.org\/es\/wp-json\/wp\/v2\/comments?post=18278"}],"version-history":[{"count":5,"href":"https:\/\/comtal.org\/es\/wp-json\/wp\/v2\/posts\/18278\/revisions"}],"predecessor-version":[{"id":18603,"href":"https:\/\/comtal.org\/es\/wp-json\/wp\/v2\/posts\/18278\/revisions\/18603"}],"wp:featuredmedia":[{"embeddable":true,"href":"https:\/\/comtal.org\/es\/wp-json\/wp\/v2\/media\/18544"}],"wp:attachment":[{"href":"https:\/\/comtal.org\/es\/wp-json\/wp\/v2\/media?parent=18278"}],"wp:term":[{"taxonomy":"category","embeddable":true,"href":"https:\/\/comtal.org\/es\/wp-json\/wp\/v2\/categories?post=18278"},{"taxonomy":"post_tag","embeddable":true,"href":"https:\/\/comtal.org\/es\/wp-json\/wp\/v2\/tags?post=18278"}],"curies":[{"name":"wp","href":"https:\/\/api.w.org\/{rel}","templated":true}]}}