{"id":17111,"date":"2019-07-22T09:13:53","date_gmt":"2019-07-22T09:13:53","guid":{"rendered":"https:\/\/comtal.org\/?p=17111"},"modified":"2019-12-16T18:09:58","modified_gmt":"2019-12-16T18:09:58","slug":"el-alumnado-de-e2o-supera-con-exito-el-curso-escolar","status":"publish","type":"post","link":"https:\/\/comtal.org\/es\/el-alumnado-de-e2o-supera-con-exito-el-curso-escolar\/","title":{"rendered":"EL ALUMNADO DE E2O APRUEVA EL CURSO"},"content":{"rendered":"<p>El \u00e1rea de Formaci\u00f3n de la Fundaci\u00f3 Comtal se ha convertido este a\u00f1o 2019 en una <strong>Escuela de Segunda Oportunidad<\/strong> donde ofrecemos a la poblaci\u00f3n joven sin ocupaci\u00f3n y\/o formaci\u00f3n reglada, un modelo pedag\u00f3gico original basado en una formaci\u00f3n innovadora a trav\u00e9s de itinerarios personalizados,\u00a0 un refuerzo en competencias b\u00e1sicas y laborales, y experiencias pr\u00e1cticas en vinculaci\u00f3n con el mundo empresarial. Este curso ha estado lleno de novedades y retos y, ahora que se acaba el curso, podemos decir que ha sido un \u00e9xito.<\/p>\n<p><span class=\"responsive\"><\/p>\n<p><img loading=\"lazy\" decoding=\"async\" class=\"aligncenter size-full wp-image-17092\" src=\"https:\/\/comtal.org\/wp-content\/uploads\/e2o.jpg\" alt=\"\" width=\"1024\" height=\"768\" srcset=\"https:\/\/comtal.org\/wp-content\/uploads\/e2o.jpg 1024w, https:\/\/comtal.org\/wp-content\/uploads\/e2o-300x225.jpg 300w, https:\/\/comtal.org\/wp-content\/uploads\/e2o-768x576.jpg 768w, https:\/\/comtal.org\/wp-content\/uploads\/e2o-172x129.jpg 172w\" sizes=\"auto, (max-width: 1024px) 100vw, 1024px\" \/><\/span><\/p>\n<p>De 26 alumnos que se inscribieron en el programa <strong>Constr\u00fayete<\/strong>, m\u00e1s del <strong>70% acceder\u00e1n a una formaci\u00f3n normalizada<\/strong> una vez acabado el curso y <strong>un 90% han desarrollado un plan formativo<\/strong> y\/o laboral a medio plazo. Por otro lado, el <strong>60% ha mejorado en sus competencias y la asistencia ha estado de un 85%<\/strong>.<\/p>\n<p>Son unas cifras espectaculares teniendo en cuenta que muchos de ellos eran reci\u00e9n llegados\/as\u00a0y no sab\u00edan hablar nuestra lengua. Tienen nacionalidades muy diferentes (Marruecos, Senegal, Pakist\u00e1n o Costa de\u00a0Ibor), pero todos ellos ten\u00edan una cosa en com\u00fan: ganas de aprender, de estudiar y de formarse, en definitiva, de labrarse un futuro.<\/p>\n<p><span class=\"responsive\"><img loading=\"lazy\" decoding=\"async\" class=\"aligncenter size-full wp-image-17101\" src=\"https:\/\/comtal.org\/wp-content\/uploads\/W3A9943.jpg\" alt=\"\" width=\"2048\" height=\"1365\" srcset=\"https:\/\/comtal.org\/wp-content\/uploads\/W3A9943.jpg 2048w, https:\/\/comtal.org\/wp-content\/uploads\/W3A9943-300x200.jpg 300w, https:\/\/comtal.org\/wp-content\/uploads\/W3A9943-768x512.jpg 768w, https:\/\/comtal.org\/wp-content\/uploads\/W3A9943-1024x683.jpg 1024w, https:\/\/comtal.org\/wp-content\/uploads\/W3A9943-188x125.jpg 188w\" sizes=\"auto, (max-width: 2048px) 100vw, 2048px\" \/><\/span><\/p>\n<p>En nuestro <b>Programa de Formaci\u00f3n e Inserci\u00f3n de comercio y hosteler\u00eda\u00a0<\/b>hemos formado un total de 40 alumnos y <strong>un 70% de estos j\u00f3venes han finalizado su acci\u00f3n formativa con \u00e9xito<\/strong>. Qu\u00e9 alegr\u00eda y qu\u00e9 orgullo!<\/p>\n<p>El camino para superar el curso no ha estado f\u00e1cil para ning\u00fan joven. Empezaron la formaci\u00f3n con muchas dudas, miedos, inseguridades, frustraciones y pocas expectativas. Hab\u00edan dejado los estudios por diferentes circunstancias personales y no ten\u00edan posibilidad de acceder al mercado laboral. Por este motivo decidieron empezar el\u00a0PFI.<\/p>\n<p><span class=\"responsive\"><img loading=\"lazy\" decoding=\"async\" class=\"aligncenter size-full wp-image-17104\" src=\"https:\/\/comtal.org\/wp-content\/uploads\/W3A9925.jpg\" alt=\"\" width=\"2048\" height=\"1365\" srcset=\"https:\/\/comtal.org\/wp-content\/uploads\/W3A9925.jpg 2048w, https:\/\/comtal.org\/wp-content\/uploads\/W3A9925-300x200.jpg 300w, https:\/\/comtal.org\/wp-content\/uploads\/W3A9925-768x512.jpg 768w, https:\/\/comtal.org\/wp-content\/uploads\/W3A9925-1024x683.jpg 1024w, https:\/\/comtal.org\/wp-content\/uploads\/W3A9925-188x125.jpg 188w\" sizes=\"auto, (max-width: 2048px) 100vw, 2048px\" \/><\/span><\/p>\n<p>A medida que iba avanzando el curso, y gracias al apoyo de los educadores y\u00a0talleristas\u00a0de la Fundaci\u00f3 Comtal, el alumnado empez\u00f3 a ganar confianza, y finalmente, con perseverancia, y mucho esfuerzo, consiguieron sus objetivos:<\/p>\n<p><strong>El 50% del alumnado del\u00a0PFI\u00a0ha decidido volver al sistema educativo. La asistencia de los j\u00f3venes que han finalizado la acci\u00f3n formativa ha estado de un 95% y un 20% se van ha insertar laboralmente.<\/strong><\/p>\n<p>Es el caso de Carla, que empez\u00f3 a hacer las pr\u00e1cticas del\u00a0PFI\u00a0de cocina en mayo en el Hotel\u00a0Catalonia-\u00a0Plaza Espa\u00f1a y empezar\u00e1 a trabajar oficialmente en agosto, o de Mar\u00eda que est\u00e1 en Icebarcelona, uno de los bares m\u00e1s originales de Barcelona donde se trabaja bajo cero. El restaurante Flamante, el supermercado Consumo, el grupo Revisa o la Fundaci\u00f3n Roure son algunas de las empresas y entidades que han apostado por nuestros j\u00f3venes para que puedan formarse.<\/p>\n<p><span class=\"responsive\"><img loading=\"lazy\" decoding=\"async\" class=\"aligncenter size-full wp-image-17099\" src=\"https:\/\/comtal.org\/wp-content\/uploads\/pupurri-fotos.png\" alt=\"\" width=\"945\" height=\"756\" srcset=\"https:\/\/comtal.org\/wp-content\/uploads\/pupurri-fotos.png 945w, https:\/\/comtal.org\/wp-content\/uploads\/pupurri-fotos-300x240.png 300w, https:\/\/comtal.org\/wp-content\/uploads\/pupurri-fotos-768x614.png 768w, https:\/\/comtal.org\/wp-content\/uploads\/pupurri-fotos-161x129.png 161w\" sizes=\"auto, (max-width: 945px) 100vw, 945px\" \/><\/span><\/p>\n<p>En referencia a los alumnos\/as de la<strong>\u00a0UEC, <\/strong>han estudiado un total de 18 alumnos\u00a0durante el curso 2018-2019 y el 62% ha superado la acci\u00f3n formativa\u00a0 Del total de alumnos han pasado 4 chicas y 14 chicos. M\u00e1s del 50% ha mantenido una asistencia regular durante el curso. Por otro lado, un 40% de los j\u00f3venes continuar\u00e1n estudiando el curso que viene.<\/p>\n<p><span class=\"responsive\"><img loading=\"lazy\" decoding=\"async\" class=\"aligncenter size-full wp-image-17106\" src=\"https:\/\/comtal.org\/wp-content\/uploads\/uec-primer-trimestre-1.jpg\" alt=\"\" width=\"963\" height=\"557\" srcset=\"https:\/\/comtal.org\/wp-content\/uploads\/uec-primer-trimestre-1.jpg 963w, https:\/\/comtal.org\/wp-content\/uploads\/uec-primer-trimestre-1-300x174.jpg 300w, https:\/\/comtal.org\/wp-content\/uploads\/uec-primer-trimestre-1-768x444.jpg 768w, https:\/\/comtal.org\/wp-content\/uploads\/uec-primer-trimestre-1-188x109.jpg 188w\" sizes=\"auto, (max-width: 963px) 100vw, 963px\" \/><\/span><\/p>\n<p>Todos y todas son ejemplos claros de superaci\u00f3n, ejemplos que nos hace ver que con acompa\u00f1amiento, actitud y ganas, todos y todas podemos conseguir nuestros sue\u00f1os y retos de futuro.<\/p>\n<p>Gracias al equipo de la Fundaci\u00f3 Comtal y a todas las entidades, escuelas, asociaciones, voluntarios, amigos y amigas, empresas, \u00a0hoteles y restaurantes que han hecho de nuestros j\u00f3venes, unos profesionales y que han puesto su granito de arena para poder reescribir el futuro de todos ellos y ellas.<\/p>\n","protected":false},"excerpt":{"rendered":"<p>El \u00e1rea de Formaci\u00f3n de la Fundaci\u00f3 Comtal se ha convertido este a\u00f1o 2019 en una Escuela de Segunda Oportunidad donde ofrecemos a la poblaci\u00f3n joven sin ocupaci\u00f3n y\/o formaci\u00f3n [&hellip;]<\/p>\n","protected":false},"author":2,"featured_media":17443,"comment_status":"closed","ping_status":"closed","sticky":false,"template":"","format":"standard","meta":{"footnotes":""},"categories":[19],"tags":[],"class_list":["post-17111","post","type-post","status-publish","format-standard","has-post-thumbnail","hentry","category-general-es"],"_links":{"self":[{"href":"https:\/\/comtal.org\/es\/wp-json\/wp\/v2\/posts\/17111","targetHints":{"allow":["GET"]}}],"collection":[{"href":"https:\/\/comtal.org\/es\/wp-json\/wp\/v2\/posts"}],"about":[{"href":"https:\/\/comtal.org\/es\/wp-json\/wp\/v2\/types\/post"}],"author":[{"embeddable":true,"href":"https:\/\/comtal.org\/es\/wp-json\/wp\/v2\/users\/2"}],"replies":[{"embeddable":true,"href":"https:\/\/comtal.org\/es\/wp-json\/wp\/v2\/comments?post=17111"}],"version-history":[{"count":5,"href":"https:\/\/comtal.org\/es\/wp-json\/wp\/v2\/posts\/17111\/revisions"}],"predecessor-version":[{"id":17968,"href":"https:\/\/comtal.org\/es\/wp-json\/wp\/v2\/posts\/17111\/revisions\/17968"}],"wp:featuredmedia":[{"embeddable":true,"href":"https:\/\/comtal.org\/es\/wp-json\/wp\/v2\/media\/17443"}],"wp:attachment":[{"href":"https:\/\/comtal.org\/es\/wp-json\/wp\/v2\/media?parent=17111"}],"wp:term":[{"taxonomy":"category","embeddable":true,"href":"https:\/\/comtal.org\/es\/wp-json\/wp\/v2\/categories?post=17111"},{"taxonomy":"post_tag","embeddable":true,"href":"https:\/\/comtal.org\/es\/wp-json\/wp\/v2\/tags?post=17111"}],"curies":[{"name":"wp","href":"https:\/\/api.w.org\/{rel}","templated":true}]}}