{"id":17025,"date":"2019-06-06T11:46:09","date_gmt":"2019-06-06T11:46:09","guid":{"rendered":"https:\/\/comtal.org\/?p=17025"},"modified":"2019-07-01T08:01:43","modified_gmt":"2019-07-01T08:01:43","slug":"ya-somos-escuela-de-segundas-oportunidades","status":"publish","type":"post","link":"https:\/\/comtal.org\/es\/ya-somos-escuela-de-segundas-oportunidades\/","title":{"rendered":"YA SOMOS ESCUELA DE SEGUNDA OPORTUNIDAD"},"content":{"rendered":"<p>El pasado 3 de abril asistimos al <strong>IV Encuentro Nacional de E2O<\/strong> en Madrid y fue all\u00ed donde nos dieron una noticia que hac\u00eda tiempo que esper\u00e1bamos: Nos confirmaron que ya somos miembros de la Asociaci\u00f3n Espa\u00f1ola de Escuelas de Segunda Oportunidad! No se nos ocurre un regalo mejor para celebrar nuestros 25 a\u00f1os.<\/p>\n<p>El abandono escolar y el paro juvenil son problemas reales y tenemos que trabajar todos juntos para garantizar la igualdad de oportunidades. En la Fundaci\u00f3 Comtal estamos orgullosos de poder formar parte del modelo E2O y nos esforzamos d\u00eda a d\u00eda para <strong>ayudar a romper esta rendija social y laboral para que los j\u00f3venes puedan tener un futuro digno a su alcance.<\/strong><\/p>\n<p><span class=\"responsive\"><img loading=\"lazy\" decoding=\"async\" class=\"aligncenter size-full wp-image-16991\" src=\"https:\/\/comtal.org\/wp-content\/uploads\/e2o-1.jpg\" alt=\"\" width=\"775\" height=\"548\" srcset=\"https:\/\/comtal.org\/wp-content\/uploads\/e2o-1.jpg 775w, https:\/\/comtal.org\/wp-content\/uploads\/e2o-1-300x212.jpg 300w, https:\/\/comtal.org\/wp-content\/uploads\/e2o-1-768x543.jpg 768w, https:\/\/comtal.org\/wp-content\/uploads\/e2o-1-182x129.jpg 182w\" sizes=\"auto, (max-width: 775px) 100vw, 775px\" \/><\/span><\/p>\n<p>En el encuentro asistieron m\u00e1s de 500 personas entre j\u00f3venes alumnos y alumnas, equipos docentes, representantes de administraciones p\u00fablicas, del sector empresarial, educativo, acad\u00e9mico y social. El acontecimiento se convirti\u00f3 en un lugar de encuentro a favor del reconocimiento del modelo de E2O, donde los j\u00f3venes vuelven a <strong>encontrar la confianza en sus posibilidades y capacidades.<\/strong><\/p>\n<p><span class=\"responsive\"><img loading=\"lazy\" decoding=\"async\" class=\"aligncenter size-full wp-image-16992\" src=\"https:\/\/comtal.org\/wp-content\/uploads\/e2o2.jpg\" alt=\"\" width=\"1088\" height=\"811\" srcset=\"https:\/\/comtal.org\/wp-content\/uploads\/e2o2.jpg 1088w, https:\/\/comtal.org\/wp-content\/uploads\/e2o2-300x224.jpg 300w, https:\/\/comtal.org\/wp-content\/uploads\/e2o2-768x572.jpg 768w, https:\/\/comtal.org\/wp-content\/uploads\/e2o2-1024x763.jpg 1024w, https:\/\/comtal.org\/wp-content\/uploads\/e2o2-173x129.jpg 173w\" sizes=\"auto, (max-width: 1088px) 100vw, 1088px\" \/><\/span><\/p>\n<p>La Asociaci\u00f3n Espa\u00f1ola de Escuelas de Segunda Oportunidad est\u00e1 adquiriendo una gran importancia entre los j\u00f3venes que est\u00e1n recibiendo formaci\u00f3n en clave de nuevas oportunidades, trabajando sus capacidades transversales y haciendo que sean protagonistas de su propio itinerario individual.<\/p>\n<p>Continuamos dando oportunidades. <strong>Continuamos #ReescribiendoFuturo!<\/strong><\/p>\n","protected":false},"excerpt":{"rendered":"<p>El pasado 3 de abril asistimos al IV Encuentro Nacional de E2O en Madrid y fue all\u00ed donde nos dieron una noticia que hac\u00eda tiempo que esper\u00e1bamos: Nos confirmaron que [&hellip;]<\/p>\n","protected":false},"author":2,"featured_media":17035,"comment_status":"closed","ping_status":"closed","sticky":false,"template":"","format":"standard","meta":{"footnotes":""},"categories":[1,19],"tags":[],"class_list":["post-17025","post","type-post","status-publish","format-standard","has-post-thumbnail","hentry","category-general","category-general-es"],"_links":{"self":[{"href":"https:\/\/comtal.org\/es\/wp-json\/wp\/v2\/posts\/17025","targetHints":{"allow":["GET"]}}],"collection":[{"href":"https:\/\/comtal.org\/es\/wp-json\/wp\/v2\/posts"}],"about":[{"href":"https:\/\/comtal.org\/es\/wp-json\/wp\/v2\/types\/post"}],"author":[{"embeddable":true,"href":"https:\/\/comtal.org\/es\/wp-json\/wp\/v2\/users\/2"}],"replies":[{"embeddable":true,"href":"https:\/\/comtal.org\/es\/wp-json\/wp\/v2\/comments?post=17025"}],"version-history":[{"count":5,"href":"https:\/\/comtal.org\/es\/wp-json\/wp\/v2\/posts\/17025\/revisions"}],"predecessor-version":[{"id":17075,"href":"https:\/\/comtal.org\/es\/wp-json\/wp\/v2\/posts\/17025\/revisions\/17075"}],"wp:featuredmedia":[{"embeddable":true,"href":"https:\/\/comtal.org\/es\/wp-json\/wp\/v2\/media\/17035"}],"wp:attachment":[{"href":"https:\/\/comtal.org\/es\/wp-json\/wp\/v2\/media?parent=17025"}],"wp:term":[{"taxonomy":"category","embeddable":true,"href":"https:\/\/comtal.org\/es\/wp-json\/wp\/v2\/categories?post=17025"},{"taxonomy":"post_tag","embeddable":true,"href":"https:\/\/comtal.org\/es\/wp-json\/wp\/v2\/tags?post=17025"}],"curies":[{"name":"wp","href":"https:\/\/api.w.org\/{rel}","templated":true}]}}