{"id":16921,"date":"2019-05-08T07:55:19","date_gmt":"2019-05-08T07:55:19","guid":{"rendered":"https:\/\/comtal.org\/?p=16921"},"modified":"2019-05-08T07:56:37","modified_gmt":"2019-05-08T07:56:37","slug":"haz-voluntariado-este-verano","status":"publish","type":"post","link":"https:\/\/comtal.org\/es\/haz-voluntariado-este-verano\/","title":{"rendered":"HAZ VOLUNTARIADO ESTE VERANO!"},"content":{"rendered":"<p><strong>Este verano puedes ayudar a m\u00e1s de 200 ni\u00f1os y j\u00f3venes de entre 2 y 16 a\u00f1os, que viven situaciones de vulnerabilidad, a disfrutar del Casal de Verano!<\/strong><\/p>\n<p>Necesitamos personas din\u00e1micas, comprometidas socialmente, con ganas de formar parte de un proyecto educativo donde quieran sentirse responsables y comprometidos con la atenci\u00f3n de la infancia m\u00e1s vulnerable del barrio.<\/p>\n<p><strong>El compromiso m\u00ednimo es de una semana<\/strong>, para garantizar una estabilidad a los ni\u00f1os y por la cohesi\u00f3n de equipo, durante las siguientes fechas:<\/p>\n<p>\u2022 Del 25\/06\/2019 al 28\/06\/2019<br \/>\n\u2022 Del 01\/07\/2019 al 05\/07\/2019<br \/>\n\u2022 Del 08\/07\/2019 al 12\/07\/2019<br \/>\n\u2022 Del 22\/07\/2019 al 26\/07\/2019<br \/>\n\u2022 Del 29\/07\/2019 al 02\/08\/2019<\/p>\n<p><span class=\"responsive\"><img loading=\"lazy\" decoding=\"async\" class=\"aligncenter size-full wp-image-16922\" src=\"https:\/\/comtal.org\/wp-content\/uploads\/IMG_20170726_120143-1.jpg\" alt=\"\" width=\"2048\" height=\"1150\" srcset=\"https:\/\/comtal.org\/wp-content\/uploads\/IMG_20170726_120143-1.jpg 2048w, https:\/\/comtal.org\/wp-content\/uploads\/IMG_20170726_120143-1-300x168.jpg 300w, https:\/\/comtal.org\/wp-content\/uploads\/IMG_20170726_120143-1-768x431.jpg 768w, https:\/\/comtal.org\/wp-content\/uploads\/IMG_20170726_120143-1-1024x575.jpg 1024w, https:\/\/comtal.org\/wp-content\/uploads\/IMG_20170726_120143-1-188x106.jpg 188w\" sizes=\"auto, (max-width: 2048px) 100vw, 2048px\" \/> <\/span><\/p>\n<p><strong>Tareas:<\/strong><\/p>\n<p>\u2022 Acompa\u00f1amiento en las actividades l\u00fadicas: salidas a la piscina, playa, museos, talleres\u2026 para apoyar al equipo educativo.<br \/>\n\u2022 Las personas voluntarias tambi\u00e9n formar\u00e1n parte del equipo educativo de los proyectos; adem\u00e1s del acompa\u00f1amiento y el apoyo tambi\u00e9n podr\u00e1n proponer, programar y dinamizar actividades para los diferentes grupos de ni\u00f1os.<\/p>\n<p>Se har\u00e1 una <strong>formaci\u00f3n previa<\/strong> para hacer la acogida a todo el equipo, conocer las realidades del barrio y dar herramientas a la hora de participar durante el verano.<\/p>\n<p><strong>La comida viene incluida para las personas voluntarias y no es necesario el Carn\u00e9 de Monitor\/a de Ocio.<\/strong><\/p>\n<p><strong>Si est\u00e1s interesado\/da en colaborar, escr\u00edbenos a <a href=\"mailto:voluntariat@comtal.org\">voluntariat@comtal.org<\/a> o ll\u00e1manos al 649 92 48 20<\/strong><\/p>\n<p><strong>Ap\u00fantate, te esperamos!<\/strong><\/p>\n","protected":false},"excerpt":{"rendered":"<p>Este verano puedes ayudar a m\u00e1s de 200 ni\u00f1os y j\u00f3venes de entre 2 y 16 a\u00f1os, que viven situaciones de vulnerabilidad, a disfrutar del Casal de Verano! Necesitamos personas [&hellip;]<\/p>\n","protected":false},"author":2,"featured_media":16926,"comment_status":"closed","ping_status":"closed","sticky":false,"template":"","format":"standard","meta":{"footnotes":""},"categories":[19],"tags":[],"class_list":["post-16921","post","type-post","status-publish","format-standard","has-post-thumbnail","hentry","category-general-es"],"_links":{"self":[{"href":"https:\/\/comtal.org\/es\/wp-json\/wp\/v2\/posts\/16921","targetHints":{"allow":["GET"]}}],"collection":[{"href":"https:\/\/comtal.org\/es\/wp-json\/wp\/v2\/posts"}],"about":[{"href":"https:\/\/comtal.org\/es\/wp-json\/wp\/v2\/types\/post"}],"author":[{"embeddable":true,"href":"https:\/\/comtal.org\/es\/wp-json\/wp\/v2\/users\/2"}],"replies":[{"embeddable":true,"href":"https:\/\/comtal.org\/es\/wp-json\/wp\/v2\/comments?post=16921"}],"version-history":[{"count":3,"href":"https:\/\/comtal.org\/es\/wp-json\/wp\/v2\/posts\/16921\/revisions"}],"predecessor-version":[{"id":16927,"href":"https:\/\/comtal.org\/es\/wp-json\/wp\/v2\/posts\/16921\/revisions\/16927"}],"wp:featuredmedia":[{"embeddable":true,"href":"https:\/\/comtal.org\/es\/wp-json\/wp\/v2\/media\/16926"}],"wp:attachment":[{"href":"https:\/\/comtal.org\/es\/wp-json\/wp\/v2\/media?parent=16921"}],"wp:term":[{"taxonomy":"category","embeddable":true,"href":"https:\/\/comtal.org\/es\/wp-json\/wp\/v2\/categories?post=16921"},{"taxonomy":"post_tag","embeddable":true,"href":"https:\/\/comtal.org\/es\/wp-json\/wp\/v2\/tags?post=16921"}],"curies":[{"name":"wp","href":"https:\/\/api.w.org\/{rel}","templated":true}]}}