{"id":16880,"date":"2019-04-30T08:48:07","date_gmt":"2019-04-30T08:48:07","guid":{"rendered":"https:\/\/comtal.org\/?p=16880"},"modified":"2019-05-15T09:37:23","modified_gmt":"2019-05-15T09:37:23","slug":"iii-sopar-solidari-reescrivimfutur","status":"publish","type":"post","link":"https:\/\/comtal.org\/es\/iii-sopar-solidari-reescrivimfutur\/","title":{"rendered":"III SOPAR SOLIDARI #REESCRIVIMFUTUR"},"content":{"rendered":"<p>Continuem celebrant el nostre 25\u00e8 aniversari amb el tradicional sopar solidari per ajudar a\u00a0reescriure\u00a0el futur d&#8217;infants i joves que m\u00e9s ho necessiten.<\/p>\n<p>Un any m\u00e9s, seran els\u00a0alumnes de l&#8217;Escola de Segona Oportunitat\u00a0de la Fundaci\u00f3 Comtal els que\u00a0prepararan\u00a0el\u00a0men\u00fa degustaci\u00f3 i ajudaran al\u00a0muntatge i a l\u2019organitzaci\u00f3 de l\u2019esdeveniment.<\/p>\n<p>Vine amb els teus familiars i amics i celebra amb nosaltres els 25 anys. Cal confirmar assist\u00e8ncia!\u00a0Si no pots venir, pots\u00a0<strong>col\u00b7laborar amb la Fila 0.\u00a0<\/strong><\/p>\n<p><strong>Dia: 24 de maig<br \/>\nHora: A partir de les 20.00 h i fins a les 23 h<br \/>\nUbicaci\u00f3: Al pati de La Salle Comtal<\/strong>, al Carrer Amadeu Vives, 6, de Barcelona<br \/>\n<strong>Donatiu:\u00a0Adults 15 \u20ac.\u00a0Menors de 12 anys 10 \u20ac.<\/strong><\/p>\n<p><strong>Inclou men\u00fa degustaci\u00f3 de plats freds i calents, beguda i postres!<\/strong><\/p>\n<p><strong>El sopar estar\u00e0 amenitzat amb m\u00fasica en directe, actuacions m\u00e0giques i la cl\u00e0ssica rifa<\/strong> amb uns regals que no voldr\u00e0s perdre&#8217;t:<\/p>\n<ul>\n<li>Un val per a 2 persones per tastar la cuina de la reconeguda Xef Carme Ruscalleda al restaurant Blanc de l&#8217;hotel Mandarin Oriental Barcelona.<\/li>\n<li>Un dia relaxant per a 2 persones als Banys \u00c0rabs Aire de Barcelona.<\/li>\n<li>Un val per a 2 persones al restaurant Orio del Grup Sagardi per tastar l&#8217;aut\u00e8ntica cuina basca.<\/li>\n<li>Un val per a 2 persones al cl\u00e0ssic restaurant La Fonda del Grup Andilana per gaudir de la cuina local.<\/li>\n<li>Un tast de tapes al bar Els Pinxus.<\/li>\n<li>2 ampolles de vi del Celler Escoda Palleja.<\/li>\n<\/ul>\n<p><strong>La novetat d&#8217;aquest sopar \u00e9s que tamb\u00e9 pots apadrinar una taula.<\/strong> Fes una aportaci\u00f3 i d\u00f3na el teu suport als infants i joves en situaci\u00f3 de vulnerabilitat que atenem en els nostres projectes. Posarem un globus amb el teu logotip per simbolitzar la teva pres\u00e8ncia. Si vols col\u00b7laborar, fes l&#8217;ingr\u00e9s clicant al bot\u00f3 de sota amb el concepte \u00abApadrino\u00bb.\u00a0<strong>T&#8217;animes i apadrines?<\/strong><\/p>\n<p><strong>Tot el que es recapti es destinar\u00e0 a\u00a0fer possible l\u2019acompanyament de joves sense recursos perqu\u00e8 puguin tenir una oportunitat de futur.\u00a0<\/strong><\/p>\n<div class=\"callout\">\n<div class=\"border clearfix\">\n<div class=\"callout-content\">\n<h2 class=\"highlight\">Sopar solidari #ReescrivimFutur<\/h2>\n<\/p><\/div>\n<div class=\"callout-button\" style=\"margin:0px;\">\n      \t\t\t\t<a class=\"button normal white, yellow, orange, red, blue, green, gray, black, alternative-1, alternative-2, alternative-3\" href=\"https:\/\/docs.google.com\/forms\/d\/1gzYrHeqe7_0kT3_UjiR0yPBuvht2KqPJNoJyfnHxqEM\/edit\" target=\"_blank or _self\" rel=\"noopener\">Confirmo la meva assist\u00e8ncia<\/a>\n      \t\t\t<\/div>\n<\/div>\n<\/div>\n<div class=\"callout\">\n<div class=\"border clearfix\">\n<div class=\"callout-content\">\n<h2 class=\"highlight\">Sopar solidari #ReescrivimFutur<\/h2>\n<\/p><\/div>\n<div class=\"callout-button\" style=\"margin:0px;\">\n      \t\t\t\t<a class=\"button normal white, yellow, orange, red, blue, green, gray, black, alternative-1, alternative-2, alternative-3\" href=\"https:\/\/www1.caixabank.es\/apl\/donativos\/detalle_ca.html?DON_codigoCausa=348&amp;JSESSIONID=EF16PRVJhr8tvNJ30vAJh9B\" target=\"_blank or _self\" rel=\"noopener\">Vull col\u00b7laborar amb la Fila 0<\/a>\n      \t\t\t<\/div>\n<\/div>\n<\/div>\n<div class=\"callout\">\n<div class=\"border clearfix\">\n<div class=\"callout-content\">\n<h2 class=\"highlight\">Sopar solidari #ReescrivimFutur<\/h2>\n<\/p><\/div>\n<div class=\"callout-button\" style=\"margin:0px;\">\n      \t\t\t\t<a class=\"button normal white, yellow, orange, red, blue, green, gray, black, alternative-1, alternative-2, alternative-3\" href=\"https:\/\/docs.google.com\/forms\/d\/13Fs4HxmkiAdNFxExgaH4qY2juJBYwuBwXNC7fnVoEfg\/edit\" target=\"_blank or _self\" rel=\"noopener\">Vull apadrinar una taula<\/a>\n      \t\t\t<\/div>\n<\/div>\n<\/div>\n<p>&nbsp;<\/p>\n<p><span style=\"color: #333333;\"><strong>Gr\u00e0cies per ajudar-nos a #ReescriureFutur!<\/strong><\/span><\/p>\n<p><span class=\"responsive\"><img loading=\"lazy\" decoding=\"async\" class=\"aligncenter size-full wp-image-16909\" src=\"https:\/\/comtal.org\/wp-content\/uploads\/cartel-v4-HORA-OK-1.png\" alt=\"\" width=\"842\" height=\"1191\" srcset=\"https:\/\/comtal.org\/wp-content\/uploads\/cartel-v4-HORA-OK-1.png 842w, https:\/\/comtal.org\/wp-content\/uploads\/cartel-v4-HORA-OK-1-212x300.png 212w, https:\/\/comtal.org\/wp-content\/uploads\/cartel-v4-HORA-OK-1-768x1086.png 768w, https:\/\/comtal.org\/wp-content\/uploads\/cartel-v4-HORA-OK-1-724x1024.png 724w, https:\/\/comtal.org\/wp-content\/uploads\/cartel-v4-HORA-OK-1-91x129.png 91w\" sizes=\"auto, (max-width: 842px) 100vw, 842px\" \/><\/span><\/p>\n","protected":false},"excerpt":{"rendered":"<p>Continuem celebrant el nostre 25\u00e8 aniversari amb el tradicional sopar solidari per ajudar a\u00a0reescriure\u00a0el futur d&#8217;infants i joves que m\u00e9s ho necessiten. Un any m\u00e9s, seran els\u00a0alumnes de l&#8217;Escola de [&hellip;]<\/p>\n","protected":false},"author":2,"featured_media":16895,"comment_status":"closed","ping_status":"closed","sticky":false,"template":"","format":"standard","meta":{"footnotes":""},"categories":[1],"tags":[],"class_list":["post-16880","post","type-post","status-publish","format-standard","has-post-thumbnail","hentry","category-general"],"_links":{"self":[{"href":"https:\/\/comtal.org\/es\/wp-json\/wp\/v2\/posts\/16880","targetHints":{"allow":["GET"]}}],"collection":[{"href":"https:\/\/comtal.org\/es\/wp-json\/wp\/v2\/posts"}],"about":[{"href":"https:\/\/comtal.org\/es\/wp-json\/wp\/v2\/types\/post"}],"author":[{"embeddable":true,"href":"https:\/\/comtal.org\/es\/wp-json\/wp\/v2\/users\/2"}],"replies":[{"embeddable":true,"href":"https:\/\/comtal.org\/es\/wp-json\/wp\/v2\/comments?post=16880"}],"version-history":[{"count":5,"href":"https:\/\/comtal.org\/es\/wp-json\/wp\/v2\/posts\/16880\/revisions"}],"predecessor-version":[{"id":16933,"href":"https:\/\/comtal.org\/es\/wp-json\/wp\/v2\/posts\/16880\/revisions\/16933"}],"wp:featuredmedia":[{"embeddable":true,"href":"https:\/\/comtal.org\/es\/wp-json\/wp\/v2\/media\/16895"}],"wp:attachment":[{"href":"https:\/\/comtal.org\/es\/wp-json\/wp\/v2\/media?parent=16880"}],"wp:term":[{"taxonomy":"category","embeddable":true,"href":"https:\/\/comtal.org\/es\/wp-json\/wp\/v2\/categories?post=16880"},{"taxonomy":"post_tag","embeddable":true,"href":"https:\/\/comtal.org\/es\/wp-json\/wp\/v2\/tags?post=16880"}],"curies":[{"name":"wp","href":"https:\/\/api.w.org\/{rel}","templated":true}]}}