{"id":16755,"date":"2019-04-08T10:30:53","date_gmt":"2019-04-08T10:30:53","guid":{"rendered":"https:\/\/comtal.org\/?p=16755"},"modified":"2019-10-21T20:21:12","modified_gmt":"2019-10-21T20:21:12","slug":"molt-mes-que-gospel-molt-mes-que-un-concert","status":"publish","type":"post","link":"https:\/\/comtal.org\/es\/molt-mes-que-gospel-molt-mes-que-un-concert\/","title":{"rendered":"\u00abMOLT M\u00c9S QUE G\u00d2SPEL\u00bb, MOLT M\u00c9S QUE UN CONCERT"},"content":{"rendered":"<p>El concert solidari #MoltMesQueGospel ja ha passat i no tenim paraules per descriure el que vam viure a la Bas\u00edlica de Santa Maria del Mar.<\/p>\n<p><span class=\"responsive\"><img loading=\"lazy\" decoding=\"async\" class=\"aligncenter size-full wp-image-16783\" src=\"https:\/\/comtal.org\/wp-content\/uploads\/foto-FC-concert-13-copia.jpg\" alt=\"\" width=\"1635\" height=\"2048\" srcset=\"https:\/\/comtal.org\/wp-content\/uploads\/foto-FC-concert-13-copia.jpg 1635w, https:\/\/comtal.org\/wp-content\/uploads\/foto-FC-concert-13-copia-240x300.jpg 240w, https:\/\/comtal.org\/wp-content\/uploads\/foto-FC-concert-13-copia-768x962.jpg 768w, https:\/\/comtal.org\/wp-content\/uploads\/foto-FC-concert-13-copia-818x1024.jpg 818w, https:\/\/comtal.org\/wp-content\/uploads\/foto-FC-concert-13-copia-103x129.jpg 103w\" sizes=\"auto, (max-width: 1635px) 100vw, 1635px\" \/><\/span><\/p>\n<p>La primera sorpresa va ser quan vam veure la cua de persones que esper\u00e0ven a la porta per entrar. Unes 900 persones van omplir cada un dels racons de l\u2019esgl\u00e9sia. No ens ho pod\u00edem creure!<\/p>\n<p><span class=\"responsive\"><img loading=\"lazy\" decoding=\"async\" class=\"aligncenter size-full wp-image-16785\" src=\"https:\/\/comtal.org\/wp-content\/uploads\/foto-FC-concert-6.jpg\" alt=\"\" width=\"2048\" height=\"1365\" srcset=\"https:\/\/comtal.org\/wp-content\/uploads\/foto-FC-concert-6.jpg 2048w, https:\/\/comtal.org\/wp-content\/uploads\/foto-FC-concert-6-300x200.jpg 300w, https:\/\/comtal.org\/wp-content\/uploads\/foto-FC-concert-6-768x512.jpg 768w, https:\/\/comtal.org\/wp-content\/uploads\/foto-FC-concert-6-1024x683.jpg 1024w, https:\/\/comtal.org\/wp-content\/uploads\/foto-FC-concert-6-188x125.jpg 188w\" sizes=\"auto, (max-width: 2048px) 100vw, 2048px\" \/><\/span><\/p>\n<p>Un cop van seure tots, va comen\u00e7ar a sonar <em>He\u2019s Able<\/em> de Darwin Hobbs cantada pels 100 cantants de la Coral S\u00fanion des de les escales de l\u2019altar. L\u2019emoci\u00f3, els nervis i la il\u00b7lusi\u00f3 es palpaven a l\u2019ambient.<\/p>\n<p><span class=\"responsive\"><img loading=\"lazy\" decoding=\"async\" class=\"aligncenter size-full wp-image-16772\" src=\"https:\/\/comtal.org\/wp-content\/uploads\/foto-FC-concert-31.jpg\" alt=\"\" width=\"2048\" height=\"1365\" srcset=\"https:\/\/comtal.org\/wp-content\/uploads\/foto-FC-concert-31.jpg 2048w, https:\/\/comtal.org\/wp-content\/uploads\/foto-FC-concert-31-300x200.jpg 300w, https:\/\/comtal.org\/wp-content\/uploads\/foto-FC-concert-31-768x512.jpg 768w, https:\/\/comtal.org\/wp-content\/uploads\/foto-FC-concert-31-1024x683.jpg 1024w, https:\/\/comtal.org\/wp-content\/uploads\/foto-FC-concert-31-188x125.jpg 188w\" sizes=\"auto, (max-width: 2048px) 100vw, 2048px\" \/><\/span><\/p>\n<p>Minuts despr\u00e9s, la coneguda can\u00e7\u00f3 <em>This is me <\/em>de Keala Settle va ser el tret de sortida perqu\u00e8 el grup de dan\u00e7a <em>Dance Emotion <\/em>sort\u00eds a ballar envoltant tota la bas\u00edlica i deixant sense paraules al p\u00fablic, que aplaudia entusiasmat.<\/p>\n<p><img loading=\"lazy\" decoding=\"async\" class=\" wp-image-16776\" src=\"https:\/\/comtal.org\/wp-content\/uploads\/IMG_20190405_212005.jpg\" alt=\"\" width=\"639\" height=\"479\" srcset=\"https:\/\/comtal.org\/wp-content\/uploads\/IMG_20190405_212005.jpg 2048w, https:\/\/comtal.org\/wp-content\/uploads\/IMG_20190405_212005-300x225.jpg 300w, https:\/\/comtal.org\/wp-content\/uploads\/IMG_20190405_212005-768x576.jpg 768w, https:\/\/comtal.org\/wp-content\/uploads\/IMG_20190405_212005-1024x768.jpg 1024w, https:\/\/comtal.org\/wp-content\/uploads\/IMG_20190405_212005-172x129.jpg 172w\" sizes=\"auto, (max-width: 639px) 100vw, 639px\" \/><\/p>\n<p>El concert va continuar amb can\u00e7ons tan emblem\u00e0tiques com <em>Bohemian Rapsody<\/em>, de Queen, <em>Alegria<\/em> d\u2019Antonia Font o <em>Man in the Mirror<\/em> de Michael Jackson i, amb l\u2019 <em>Hallelujah<\/em> de Leonard Cohen, va arribar el moment m\u00e9s esperat pel grup de joves i professionals de la Fundaci\u00f3 Comtal. Es van sumar a la Coral i, davant de tothom, es van arrancar a cantar descobrint-nos un talent que no sab\u00edem que tenien. Quan van acabar, el director de S\u00fanion, David Su\u00e1rez, els hi va dedicar un sincer agra\u00efment per tota la for\u00e7a i motivaci\u00f3 que els hi van transmetre durant\u00a0 els assajos. L\u2019alegria dibuixada en les cares dels i les joves no tenia preu.<\/p>\n<p><span class=\"responsive\"><img loading=\"lazy\" decoding=\"async\" class=\"aligncenter size-full wp-image-16773\" src=\"https:\/\/comtal.org\/wp-content\/uploads\/foto-FC-concert-25.jpg\" alt=\"\" width=\"2048\" height=\"1365\" srcset=\"https:\/\/comtal.org\/wp-content\/uploads\/foto-FC-concert-25.jpg 2048w, https:\/\/comtal.org\/wp-content\/uploads\/foto-FC-concert-25-300x200.jpg 300w, https:\/\/comtal.org\/wp-content\/uploads\/foto-FC-concert-25-768x512.jpg 768w, https:\/\/comtal.org\/wp-content\/uploads\/foto-FC-concert-25-1024x683.jpg 1024w, https:\/\/comtal.org\/wp-content\/uploads\/foto-FC-concert-25-188x125.jpg 188w\" sizes=\"auto, (max-width: 2048px) 100vw, 2048px\" \/><\/span><\/p>\n<p>Despr\u00e9s d\u2019una hora i mitja el concert s\u2019acostava el final, per\u00f2 ens esperava una sorpresa m\u00e9s, una can\u00e7\u00f3 que no estava al programa. Es van acomiadar de tots nosaltres amb <em>Oh happy day. <\/em>El p\u00fablic es va sumar picant les mans i l\u2019ambient festiu va omplir la bas\u00edlica. Va ser una gran forma de dir ad\u00e9u a aquest meravell\u00f3s espectacle.<\/p>\n<p><span class=\"responsive\"><img loading=\"lazy\" decoding=\"async\" class=\"aligncenter size-full wp-image-16775\" src=\"https:\/\/comtal.org\/wp-content\/uploads\/foto-FC-concert-35.jpg\" alt=\"\" width=\"2048\" height=\"1365\" srcset=\"https:\/\/comtal.org\/wp-content\/uploads\/foto-FC-concert-35.jpg 2048w, https:\/\/comtal.org\/wp-content\/uploads\/foto-FC-concert-35-300x200.jpg 300w, https:\/\/comtal.org\/wp-content\/uploads\/foto-FC-concert-35-768x512.jpg 768w, https:\/\/comtal.org\/wp-content\/uploads\/foto-FC-concert-35-1024x683.jpg 1024w, https:\/\/comtal.org\/wp-content\/uploads\/foto-FC-concert-35-188x125.jpg 188w\" sizes=\"auto, (max-width: 2048px) 100vw, 2048px\" \/><\/span><\/p>\n<p>Se\u2019ns fa dif\u00edcil plasmar en uns par\u00e0grafs l\u2019agra\u00efts que estem del que heu fet possible entre tots. Sense vosaltres aquesta celebraci\u00f3 dels 25 anys no hauria estat possible.<\/p>\n<p><span class=\"responsive\"><img loading=\"lazy\" decoding=\"async\" class=\"aligncenter size-full wp-image-16770\" src=\"https:\/\/comtal.org\/wp-content\/uploads\/foto-FC-concert-9.jpg\" alt=\"\" width=\"2048\" height=\"1376\" srcset=\"https:\/\/comtal.org\/wp-content\/uploads\/foto-FC-concert-9.jpg 2048w, https:\/\/comtal.org\/wp-content\/uploads\/foto-FC-concert-9-300x202.jpg 300w, https:\/\/comtal.org\/wp-content\/uploads\/foto-FC-concert-9-768x516.jpg 768w, https:\/\/comtal.org\/wp-content\/uploads\/foto-FC-concert-9-1024x688.jpg 1024w, https:\/\/comtal.org\/wp-content\/uploads\/foto-FC-concert-9-188x126.jpg 188w\" sizes=\"auto, (max-width: 2048px) 100vw, 2048px\" \/><\/span><\/p>\n<p><strong>GR\u00c0CIES A LA COL\u00b7LABORACI\u00d3 DE<\/p>\n<div class=\"one_half\"><span class=\"responsive\"><img loading=\"lazy\" decoding=\"async\" class=\"aligncenter size-full wp-image-17598\" src=\"https:\/\/comtal.org\/wp-content\/uploads\/logo-ajuntament-de-barcelona-e1571688349501.jpg\" alt=\"\" width=\"170\" height=\"170\" \/><\/span><\/div>\n<div class=\"one_half last\"><span class=\"responsive\"><img loading=\"lazy\" decoding=\"async\" class=\"aligncenter size-full wp-image-17601\" src=\"https:\/\/comtal.org\/wp-content\/uploads\/diputaci\u00f3-de-barcelona-logo-1-e1571688810262.jpg\" alt=\"\" width=\"260\" height=\"174\" \/><\/span><\/div>\n<div class=\"clear\"><\/div>\n<p><\/strong><\/p>\n","protected":false},"excerpt":{"rendered":"<p>El concert solidari #MoltMesQueGospel ja ha passat i no tenim paraules per descriure el que vam viure a la Bas\u00edlica de Santa Maria del Mar. La primera sorpresa va ser [&hellip;]<\/p>\n","protected":false},"author":2,"featured_media":16781,"comment_status":"closed","ping_status":"closed","sticky":false,"template":"","format":"standard","meta":{"footnotes":""},"categories":[1],"tags":[],"class_list":["post-16755","post","type-post","status-publish","format-standard","has-post-thumbnail","hentry","category-general"],"_links":{"self":[{"href":"https:\/\/comtal.org\/es\/wp-json\/wp\/v2\/posts\/16755","targetHints":{"allow":["GET"]}}],"collection":[{"href":"https:\/\/comtal.org\/es\/wp-json\/wp\/v2\/posts"}],"about":[{"href":"https:\/\/comtal.org\/es\/wp-json\/wp\/v2\/types\/post"}],"author":[{"embeddable":true,"href":"https:\/\/comtal.org\/es\/wp-json\/wp\/v2\/users\/2"}],"replies":[{"embeddable":true,"href":"https:\/\/comtal.org\/es\/wp-json\/wp\/v2\/comments?post=16755"}],"version-history":[{"count":5,"href":"https:\/\/comtal.org\/es\/wp-json\/wp\/v2\/posts\/16755\/revisions"}],"predecessor-version":[{"id":17609,"href":"https:\/\/comtal.org\/es\/wp-json\/wp\/v2\/posts\/16755\/revisions\/17609"}],"wp:featuredmedia":[{"embeddable":true,"href":"https:\/\/comtal.org\/es\/wp-json\/wp\/v2\/media\/16781"}],"wp:attachment":[{"href":"https:\/\/comtal.org\/es\/wp-json\/wp\/v2\/media?parent=16755"}],"wp:term":[{"taxonomy":"category","embeddable":true,"href":"https:\/\/comtal.org\/es\/wp-json\/wp\/v2\/categories?post=16755"},{"taxonomy":"post_tag","embeddable":true,"href":"https:\/\/comtal.org\/es\/wp-json\/wp\/v2\/tags?post=16755"}],"curies":[{"name":"wp","href":"https:\/\/api.w.org\/{rel}","templated":true}]}}