{"id":16703,"date":"2019-03-01T10:51:59","date_gmt":"2019-03-01T10:51:59","guid":{"rendered":"https:\/\/comtal.org\/?p=16703"},"modified":"2019-03-01T11:14:47","modified_gmt":"2019-03-01T11:14:47","slug":"sant-jordi-2019-una-rosa-una-oportunidad","status":"publish","type":"post","link":"https:\/\/comtal.org\/es\/sant-jordi-2019-una-rosa-una-oportunidad\/","title":{"rendered":"SANT JORDI 2019. UNA ROSA, UNA OPORTUNIDAD"},"content":{"rendered":"<p>Como ya es tradici\u00f3n, en la Fundaci\u00f3 Comtal celebramos el d\u00eda de Sant Jordi bajo el lema<strong> \u00abUna rosa, una oportunidad\u00bb,<\/strong> porque creemos que <strong>todo ni\u00f1o y joven se merece una oportunidad de futuro, independientemente de la situaci\u00f3n que le haya tocado vivir.\u00a0<\/strong><\/p>\n<p>Un peque\u00f1o gesto, como regalar una rosa o un punto de libro dibujado por nuestros ni\u00f1os, puede suponer un gran cambio en la vida de los ni\u00f1os y j\u00f3venes vulnerables a los que atendemos.<strong> Por eso, desde la Fundaci\u00f3 Comtal os animamos a que el pr\u00f3ximo 23 de abril os sum\u00e1is a un Sant Jordi solidario.<\/strong><\/p>\n<p><span style=\"color: #ff9900;\"><strong>\u00bfC\u00f3mo pod\u00e9is hacerlo posible?<\/strong><\/span><\/p>\n<p><strong>Regalando a vuestros clientes o trabajadores la rosa solidaria junto al punto de libro o solo el punto de libro.<\/strong><\/p>\n<p class=\"Default\" style=\"text-align: justify;\"><b><span style=\"font-size: 11.5pt; color: #404040;\">Ejemplo de modelo de rosa y punto de libro*:<\/span><\/b><\/p>\n<div class=\"one_half\"><img loading=\"lazy\" decoding=\"async\" class=\"aligncenter size-full wp-image-16701\" src=\"https:\/\/comtal.org\/wp-content\/uploads\/rosa-1.jpg\" alt=\"\" width=\"252\" height=\"448\" \/><\/div>\n<div class=\"one_half last\"><img loading=\"lazy\" decoding=\"async\" class=\"aligncenter wp-image-15676\" src=\"https:\/\/comtal.org\/wp-content\/uploads\/Model-3-punt-llibre-150\u20ac.jpg\" alt=\"\" width=\"98\" height=\"386\" \/><\/div>\n<div class=\"clear\"><\/div>\n<p><span style=\"color: #ff6600;\">*En breve tendr\u00e9is disponibles los puntos de libro de este 2019<\/span><\/p>\n<p>Adem\u00e1s, este a\u00f1o continuamos teniendo <span style=\"color: #ff9900;\">un dise\u00f1o de punto de libro muy especial<\/span> dibujado por la conocida ilustradora <span style=\"color: #ff9900;\">Pilar\u00edn Bay\u00e9s<\/span>. Hicimos un taller de pintura y nos regal\u00f3 este punto de libro para nuestra campa\u00f1a Sant Jordi.<\/p>\n<p class=\"Default\" style=\"text-align: justify;\"><b><span style=\"font-size: 11.5pt; color: #404040;\">Modelo especial Pilar\u00edn Bay\u00e9s: <\/span><\/b><\/p>\n<p><span class=\"responsive\"><img loading=\"lazy\" decoding=\"async\" class=\"aligncenter size-full wp-image-16709\" src=\"https:\/\/comtal.org\/wp-content\/uploads\/punt-de-llibre-pilarin-1.png\" alt=\"\" width=\"128\" height=\"454\" srcset=\"https:\/\/comtal.org\/wp-content\/uploads\/punt-de-llibre-pilarin-1.png 128w, https:\/\/comtal.org\/wp-content\/uploads\/punt-de-llibre-pilarin-1-85x300.png 85w, https:\/\/comtal.org\/wp-content\/uploads\/punt-de-llibre-pilarin-1-36x129.png 36w\" sizes=\"auto, (max-width: 128px) 100vw, 128px\" \/><\/span><\/p>\n<p><strong>Al anverso de cada punto de libro podemos a\u00f1adir vuestro logotipo y una frase personalizada para felicitar Sant Jordi.<\/strong><\/p>\n<p><span style=\"color: #ff9900;\"><strong>Aportaciones:\u00a0<\/strong><\/span><\/p>\n<p><strong>Rosa + punto de libro<\/strong><\/p>\n<ul>\n<li>Entre 1 y 100: 3,50\u20ac por unidad.<\/li>\n<li>Entre 101 y 200: 3,25\u20ac por unidad.<\/li>\n<li>Entre 201 y 300: 3\u20ac por unidad.<\/li>\n<li>Entre 300 y 400: 2,75 \u20ac por unidad.<\/li>\n<li>M\u00e1s de 400: 2,50\u20ac por unidad.<\/li>\n<\/ul>\n<p><strong>Rosa + punto de libro Pilar\u00edn Bay\u00e9s<\/strong><\/p>\n<ul>\n<li>Entre 1 y 100: 4\u20ac por unidad.<\/li>\n<li>Entre 100 y 200: 3,70\u20ac por unidad.<\/li>\n<li>Entre 200 y 300: 3,40\u20ac por unidad.<\/li>\n<li>Entre 300 y 400: 3,10 por unidad.<\/li>\n<li>M\u00e1s de 400: 2,80\u20ac por unidad.<\/li>\n<\/ul>\n<p><strong>Solo punto de libro:<\/strong> 1,5\u20ac por unidad.<\/p>\n<p><strong>Solo punto de libro Pilar\u00edn Bay\u00e9s: <\/strong>2\u20ac por unidad.<\/p>\n<p>Todo lo recaudado <strong>se destinar\u00e1 \u00edntegramente a dar apoyo educativo y acompa\u00f1amiento emocional a los que m\u00e1s lo necesitan<\/strong><\/p>\n<p><span style=\"color: #ff9900;\"><strong>\u00bfQu\u00e9 difusi\u00f3n haremos de la campa\u00f1a?\u00a0<\/strong><\/span><\/p>\n<p>Haremos <strong>menci\u00f3n de todos los colaboradores<\/strong> a trav\u00e9s de:<\/p>\n<ul>\n<li>Una <strong>nota de prensa<\/strong>,<\/li>\n<li>Nuestro <strong>sitio web<\/strong>,<\/li>\n<li>Nuestro <strong>bolet\u00edn de informaci\u00f3n<\/strong>,<\/li>\n<li>Las <strong>redes sociale<\/strong>s, si nos env\u00edas una fotograf\u00eda podr\u00edamos hacer una menci\u00f3n especial.<\/li>\n<\/ul>\n<p><span style=\"color: #ff9900;\"><strong>Para hacer tu pedido:<\/strong><\/span><\/p>\n<ol>\n<li><strong>Env\u00edanos un mensaje electr\u00f3nico que indique la cantidad de rosas o puntos de libro <\/strong>que querr\u00e1s. Tambi\u00e9n puedes hacerlo llamando al <strong>tel\u00e9fono 93 295 46 36.<\/strong><\/li>\n<li><strong>Haz la transferencia correspondiente<\/strong> al importe del pedido al n\u00famero de cuenta: ES3621003002002200314811.<\/li>\n<li>Env\u00edanos un mensaje electr\u00f3nico con el <strong>resguardo de la transferencia y tus datos fiscales.<\/strong><\/li>\n<li>Dinos <strong>qu\u00e9 d\u00eda vendr\u00e1s a recoger tu pedido.<\/strong><\/li>\n<\/ol>\n<p><span style=\"color: #ff9900;\"><strong>Contacto: <\/strong><\/span>Andrea Waring. A\/e <a href=\"mailto:fundraising@comtal.org\">fundraising@comtal.org<\/a>. Telf. 609734340.<\/p>\n<p><span class=\"responsive\">IMAGE HERE<img loading=\"lazy\" decoding=\"async\" class=\"aligncenter size-full wp-image-16704\" src=\"https:\/\/comtal.org\/wp-content\/uploads\/sant-jordi-1.jpg\" alt=\"\" width=\"1306\" height=\"975\" srcset=\"https:\/\/comtal.org\/wp-content\/uploads\/sant-jordi-1.jpg 1306w, https:\/\/comtal.org\/wp-content\/uploads\/sant-jordi-1-300x224.jpg 300w, https:\/\/comtal.org\/wp-content\/uploads\/sant-jordi-1-768x573.jpg 768w, https:\/\/comtal.org\/wp-content\/uploads\/sant-jordi-1-1024x764.jpg 1024w, https:\/\/comtal.org\/wp-content\/uploads\/sant-jordi-1-173x129.jpg 173w\" sizes=\"auto, (max-width: 1306px) 100vw, 1306px\" \/><\/span><\/p>\n<p><strong>Por un Sant Jordi lleno de oportunidades. <\/strong><span style=\"color: #ff9900;\"><strong>Gracias por ayudarnos a #ReescrivirFuturo<\/strong><\/span><\/p>\n","protected":false},"excerpt":{"rendered":"<p>Como ya es tradici\u00f3n, en la Fundaci\u00f3 Comtal celebramos el d\u00eda de Sant Jordi bajo el lema \u00abUna rosa, una oportunidad\u00bb, porque creemos que todo ni\u00f1o y joven se merece [&hellip;]<\/p>\n","protected":false},"author":2,"featured_media":16714,"comment_status":"closed","ping_status":"closed","sticky":false,"template":"","format":"standard","meta":{"footnotes":""},"categories":[19],"tags":[],"class_list":["post-16703","post","type-post","status-publish","format-standard","has-post-thumbnail","hentry","category-general-es"],"_links":{"self":[{"href":"https:\/\/comtal.org\/es\/wp-json\/wp\/v2\/posts\/16703","targetHints":{"allow":["GET"]}}],"collection":[{"href":"https:\/\/comtal.org\/es\/wp-json\/wp\/v2\/posts"}],"about":[{"href":"https:\/\/comtal.org\/es\/wp-json\/wp\/v2\/types\/post"}],"author":[{"embeddable":true,"href":"https:\/\/comtal.org\/es\/wp-json\/wp\/v2\/users\/2"}],"replies":[{"embeddable":true,"href":"https:\/\/comtal.org\/es\/wp-json\/wp\/v2\/comments?post=16703"}],"version-history":[{"count":4,"href":"https:\/\/comtal.org\/es\/wp-json\/wp\/v2\/posts\/16703\/revisions"}],"predecessor-version":[{"id":16713,"href":"https:\/\/comtal.org\/es\/wp-json\/wp\/v2\/posts\/16703\/revisions\/16713"}],"wp:featuredmedia":[{"embeddable":true,"href":"https:\/\/comtal.org\/es\/wp-json\/wp\/v2\/media\/16714"}],"wp:attachment":[{"href":"https:\/\/comtal.org\/es\/wp-json\/wp\/v2\/media?parent=16703"}],"wp:term":[{"taxonomy":"category","embeddable":true,"href":"https:\/\/comtal.org\/es\/wp-json\/wp\/v2\/categories?post=16703"},{"taxonomy":"post_tag","embeddable":true,"href":"https:\/\/comtal.org\/es\/wp-json\/wp\/v2\/tags?post=16703"}],"curies":[{"name":"wp","href":"https:\/\/api.w.org\/{rel}","templated":true}]}}