{"id":16663,"date":"2019-02-20T12:54:15","date_gmt":"2019-02-20T12:54:15","guid":{"rendered":"https:\/\/comtal.org\/?p=16663"},"modified":"2019-10-21T20:41:08","modified_gmt":"2019-10-21T20:41:08","slug":"una-jornada-para-dar-voz-a-los-jovenes","status":"publish","type":"post","link":"https:\/\/comtal.org\/es\/una-jornada-para-dar-voz-a-los-jovenes\/","title":{"rendered":"UNA JORNADA PARA DAR VOZ A LOS J\u00d3VENES"},"content":{"rendered":"<p>El pasado 7 de febrero organizamos una jornada t\u00e9cnica con motivo de nuestro 25\u00ba cumplea\u00f1os para dar voz a los j\u00f3venes que viven situaciones de vulnerabilidad por diferentes motivos.<\/p>\n<p><span class=\"responsive\"><img loading=\"lazy\" decoding=\"async\" class=\"aligncenter size-full wp-image-16667\" src=\"https:\/\/comtal.org\/wp-content\/uploads\/FC-jornada-4-1.jpg\" alt=\"\" width=\"2048\" height=\"1774\" srcset=\"https:\/\/comtal.org\/wp-content\/uploads\/FC-jornada-4-1.jpg 2048w, https:\/\/comtal.org\/wp-content\/uploads\/FC-jornada-4-1-300x260.jpg 300w, https:\/\/comtal.org\/wp-content\/uploads\/FC-jornada-4-1-768x665.jpg 768w, https:\/\/comtal.org\/wp-content\/uploads\/FC-jornada-4-1-1024x887.jpg 1024w, https:\/\/comtal.org\/wp-content\/uploads\/FC-jornada-4-1-149x129.jpg 149w\" sizes=\"auto, (max-width: 2048px) 100vw, 2048px\" \/><\/span><\/p>\n<p>Las voces de los j\u00f3venes sonaron y muy fuerte. 5 j\u00f3venes vinculados a la Fundaci\u00f3 Comtal quisieron explicar su experiencia de superaci\u00f3n\u00a0delante\u00a0de una sala llena de representantes de la administraci\u00f3n, de expertos del sector y de compa\u00f1eros.<\/p>\n<p>Empieza la conversaci\u00f3n abierta Esther Jou,\u00a0exalumna\u00a0del curso de\u00a0PFI\u00a0de\u00a0hoteler\u00eda\u00a0de la Fundaci\u00f3 Comtal, con una pregunta: \u201c\u00bfC\u00f3mo os sentir\u00edais si os cierran la puerta y no os dan la oportunidad de ver de qu\u00e9 sois capaces?\u201d La sala se queda en silencio mientras escucha con atenci\u00f3n como Esther contaba que en el instituto donde estudiaba, no le ayudaron. Ella sab\u00eda que ten\u00eda capacidades para sacarse los estudios pero las circunstancias personales no le acompa\u00f1aron. Se preguntaba: \u201c\u00bfAlguien me escucha y me comprende?\u201d. Con orientaci\u00f3n y mucho esfuerzo, decidi\u00f3 estudiar fuera de la formaci\u00f3n reglada y actualmente est\u00e1 cursando el Grado Medio de Cocina y Pasteler\u00eda despu\u00e9s de haber obtenido una beca de estudios fruto de su alta calificaci\u00f3n en el Programa de Formaci\u00f3n e Inserci\u00f3n en Auxiliar de\u00a0hoteler\u00eda.<\/p>\n<p>Contin\u00faa\u00a0Hicham\u00a0Makroum, de 17 a\u00f1os y alumno del\u00a0PFI\u00a0de comercio de la Fundaci\u00f3 Comtal. Lleg\u00f3 a Barcelona desde\u00a0Fez\u00a0cuando era menor de edad. Estaba solo, no conoc\u00eda el idioma ni la ley del pa\u00eds, pero ten\u00eda muy claro cu\u00e1l era su objetivo: estudiar, formarse y encontrar un trabajo para poder ayudar a su familia. Pero no fu\u00e9 tan f\u00e1cil como se pensaba. Por fin, despu\u00e9s de 5 meses, empez\u00f3 a hacer cursos cortos hasta que el a\u00f1o pasado entr\u00f3 a ser alumno del\u00a0PFI\u00a0de comercio en la Fundaci\u00f3 Comtal. Le ha costado mucho, pero ahora se siente acompa\u00f1ado, estimado y capaz de pensar en su futuro.<\/p>\n<p><span class=\"responsive\"><img loading=\"lazy\" decoding=\"async\" class=\"aligncenter size-full wp-image-16668\" src=\"https:\/\/comtal.org\/wp-content\/uploads\/FC-jornada-50-1.jpg\" alt=\"\" width=\"2048\" height=\"1365\" srcset=\"https:\/\/comtal.org\/wp-content\/uploads\/FC-jornada-50-1.jpg 2048w, https:\/\/comtal.org\/wp-content\/uploads\/FC-jornada-50-1-300x200.jpg 300w, https:\/\/comtal.org\/wp-content\/uploads\/FC-jornada-50-1-768x512.jpg 768w, https:\/\/comtal.org\/wp-content\/uploads\/FC-jornada-50-1-1024x683.jpg 1024w, https:\/\/comtal.org\/wp-content\/uploads\/FC-jornada-50-1-188x125.jpg 188w\" sizes=\"auto, (max-width: 2048px) 100vw, 2048px\" \/><\/span><\/p>\n<p>Su compa\u00f1ero,\u00a0Ayoub\u00a0Mahdane, tambi\u00e9n lleg\u00f3 a Barcelona desde Marruecos. Atraves\u00f3 el Estrecho en barco con el mismo objetivo que Hicham: encontrar trabajo y ayudar a los suyos. Escogi\u00f3 Barcelona porque se siente\u00a0cul\u00e9\u00a0y lo ten\u00eda clar\u00edsimo, dice mientras el auditorio r\u00ede. Explica que cuando lleg\u00f3 tuvo mucha suerte porque le proporcionaron un piso y esto le ayud\u00f3 bastante a encontrar opciones de formaci\u00f3n en la ciudad. Ahora est\u00e1 en el\u00a0PFI\u00a0de comercio, pero sabe que necesita un permiso laboral para poder trabajar y aprovech\u00f3 la jornada para hacer una petici\u00f3n en la sala: \u201c\u00bfQui\u00e9n quiere contratar a alguien sin experiencia por un a\u00f1o? Si hay alguien, cuando salgamos de aqu\u00ed podemos hablar.\u201d De entre el p\u00fablico se escuch\u00f3 una voz que dec\u00eda muy fuerte: \u201cYo quiero!\u201d<\/p>\n<p>Rub\u00e9n P\u00e9rez tiene 25 a\u00f1os y desde bien joven sent\u00eda que el m\u00e9todo de ense\u00f1anza no se adaptaba a sus necesidades. Los profesores no le apoyaban y le repet\u00edan que no estaba capacitado para estudiar. La sensaci\u00f3n de fracaso y la carga familiar lo apartaron del mundo formativo y se cerr\u00f3 en s\u00ed mismo. No quer\u00eda salir de casa, ni a la calle, ni hablar con nadie. Hab\u00eda tocado fondo. Un d\u00eda contact\u00f3 con \u00e9l una de nuestras orientadoras y entr\u00f3 en el programa Integrales de la Fundaci\u00f3 Comtal. Despacio y juntos, consiguieron salir del pozo donde se encontraba. Hizo una formaci\u00f3n de desarrollador web y ahora apoya a otros alumnos como voluntario en la escuela donde hizo el curso.<\/p>\n<div class=\"one_half\"><span class=\"responsive\"><img loading=\"lazy\" decoding=\"async\" class=\"aligncenter size-full wp-image-16669\" src=\"https:\/\/comtal.org\/wp-content\/uploads\/FC-jornada-54-1.jpg\" alt=\"\" width=\"2048\" height=\"1365\" srcset=\"https:\/\/comtal.org\/wp-content\/uploads\/FC-jornada-54-1.jpg 2048w, https:\/\/comtal.org\/wp-content\/uploads\/FC-jornada-54-1-300x200.jpg 300w, https:\/\/comtal.org\/wp-content\/uploads\/FC-jornada-54-1-768x512.jpg 768w, https:\/\/comtal.org\/wp-content\/uploads\/FC-jornada-54-1-1024x683.jpg 1024w, https:\/\/comtal.org\/wp-content\/uploads\/FC-jornada-54-1-188x125.jpg 188w\" sizes=\"auto, (max-width: 2048px) 100vw, 2048px\" \/><\/span><\/div>\n<div class=\"one_half last\"><span class=\"responsive\"><br \/>\n<img loading=\"lazy\" decoding=\"async\" class=\"aligncenter size-full wp-image-16674\" src=\"https:\/\/comtal.org\/wp-content\/uploads\/FC-jornada-56-1.jpg\" alt=\"\" width=\"2048\" height=\"1365\" srcset=\"https:\/\/comtal.org\/wp-content\/uploads\/FC-jornada-56-1.jpg 2048w, https:\/\/comtal.org\/wp-content\/uploads\/FC-jornada-56-1-300x200.jpg 300w, https:\/\/comtal.org\/wp-content\/uploads\/FC-jornada-56-1-768x512.jpg 768w, https:\/\/comtal.org\/wp-content\/uploads\/FC-jornada-56-1-1024x683.jpg 1024w, https:\/\/comtal.org\/wp-content\/uploads\/FC-jornada-56-1-188x125.jpg 188w\" sizes=\"auto, (max-width: 2048px) 100vw, 2048px\" \/><\/span><\/div>\n<div class=\"clear\"><\/div>\n<p>Finalmente, fue el turno de Carla Ram\u00edrez. Una joven alegre y cari\u00f1osa de 17 a\u00f1os que sufri\u00f3\u00a0bullying. \u201cDesde P-3 hasta primero recib\u00ed\u00a0bullying\u00a0porque me gustaban las cosas que se supon\u00edan que eran de chicos. Mi madre ve\u00eda todo el sufrimiento y fue a hablar con los profesores. Por sorpresa suya, estos le dijeron que si no quer\u00eda que me pasara eso, ten\u00eda que adelgazar y comprarme juguetes de chicas\u201d. Sus palabras son crudas, pero reales. Sufri\u00f3 una depresi\u00f3n, aun as\u00ed, volvi\u00f3 a intentar estudiar, pero las opciones que le daban para formarse estaban muy encasilladas en funci\u00f3n del g\u00e9nero. Se dio cuenta que el m\u00e9todo de ense\u00f1anza del Instituto no se adaptaba a sus necesidades y ten\u00eda claro hacia d\u00f3nde orientar sus estudios: la cocina. Actualmente est\u00e1 form\u00e1ndose en nuestro\u00a0PFI\u00a0de cocina y se siente apoyada, mejor consigo misma y est\u00e1 disfrutando de la formaci\u00f3n elegida, cosa que se refleja en sus calificaciones.<\/p>\n<p>La jornada tuvo momentos muy emotivos cuando se abri\u00f3 el turno de preguntas entre los asistentes. Espont\u00e1neamente, muchos de los j\u00f3venes que estaban entre el p\u00fablico, quisieron relatar sus experiencias y preocupaciones. Muchos de ellos no pod\u00edan continuar sin emocionarse. Contaban cosas que nunca le hab\u00edan dicho a nadie y esto nos hizo ser conscientes de la necesidad que tienen de hablar, pero sobre todo, de ser escuchados y respetados.<\/p>\n<p><span class=\"responsive\"><img loading=\"lazy\" decoding=\"async\" class=\"aligncenter size-full wp-image-16670\" src=\"https:\/\/comtal.org\/wp-content\/uploads\/FC-jornada-53-1.jpg\" alt=\"\" width=\"2048\" height=\"1365\" srcset=\"https:\/\/comtal.org\/wp-content\/uploads\/FC-jornada-53-1.jpg 2048w, https:\/\/comtal.org\/wp-content\/uploads\/FC-jornada-53-1-300x200.jpg 300w, https:\/\/comtal.org\/wp-content\/uploads\/FC-jornada-53-1-768x512.jpg 768w, https:\/\/comtal.org\/wp-content\/uploads\/FC-jornada-53-1-1024x683.jpg 1024w, https:\/\/comtal.org\/wp-content\/uploads\/FC-jornada-53-1-188x125.jpg 188w\" sizes=\"auto, (max-width: 2048px) 100vw, 2048px\" \/><\/span><\/p>\n<p>A la Jornada tambi\u00e9n se invit\u00f3 a expertos de la administraci\u00f3n y de entidades dedicadas a j\u00f3venes que viven situaciones de vulnerabilidad para que pudieran hablar de esta problem\u00e1tica desde una perspectiva profesional. Los invitados a la mesa redonda eran la presidenta de la Tabla del Tercer Sector, Francina Alsina, la directora general de la Fundaci\u00f3n El Umbral y miembro de lo\u00a0Asociaci\u00f3n Espa\u00f1ola de\u00a0Escuelas\u00a0de\u00a0Segunda\u00a0Oportunidad, Bego\u00f1a\u00a0Gasch, la directora de la Fundaci\u00f3n Sale,\u00a0SiraVilardell, el t\u00e9cnico del \u00e1rea de apoyo al joven del Consorcio de Servicios Sociales de Barcelona, Juan Francisco Jim\u00e9nez, y la jefa de redacci\u00f3n del Social.cat, Cristina\u00a0Garde, moderados por la directora de la Fundaci\u00f3n Condal, Marta\u00a0Gallig\u00f3.<\/p>\n<p>Ellos tambi\u00e9n hablaron alto y claro ante esta situaci\u00f3n. Dieron cifras que ponen de manifiesto todo el trabajo que queda para hacer. Cifras que hablan de la desigualdad social, racial y de g\u00e9nero que vivimos. \u201cUno de los problemas radica en que el mismo sistema creado para ayudar a este colectivo, no acaba de funcionar. Encasilla a los j\u00f3venes como en peque\u00f1as cajas. La caja para el joven que tiene problemas de adicci\u00f3n, el que ha sufrido maltrato, el joven reci\u00e9n llegado\u2026pero esto no puede funcionar siempre, porque muchos de los j\u00f3venes que atendemos, pertenecen a m\u00e1s de una de estas cajas y en estos casos\u2026\u00bfc\u00f3mo los podemos ayudar?\u201d reivindicaba uno de los ponentes.<\/p>\n<div class=\"one_half\"><span class=\"responsive\"><\/p>\n<p><img loading=\"lazy\" decoding=\"async\" class=\"aligncenter size-full wp-image-16671\" src=\"https:\/\/comtal.org\/wp-content\/uploads\/FC-jornada-22-1.jpg\" alt=\"\" width=\"2048\" height=\"1365\" srcset=\"https:\/\/comtal.org\/wp-content\/uploads\/FC-jornada-22-1.jpg 2048w, https:\/\/comtal.org\/wp-content\/uploads\/FC-jornada-22-1-300x200.jpg 300w, https:\/\/comtal.org\/wp-content\/uploads\/FC-jornada-22-1-768x512.jpg 768w, https:\/\/comtal.org\/wp-content\/uploads\/FC-jornada-22-1-1024x683.jpg 1024w, https:\/\/comtal.org\/wp-content\/uploads\/FC-jornada-22-1-188x125.jpg 188w\" sizes=\"auto, (max-width: 2048px) 100vw, 2048px\" \/><\/span><\/div>\n<div class=\"one_half last\"><span class=\"responsive\"><\/p>\n<p><img loading=\"lazy\" decoding=\"async\" class=\"aligncenter size-full wp-image-16673\" src=\"https:\/\/comtal.org\/wp-content\/uploads\/FC-jornada-34-1.jpg\" alt=\"\" width=\"2048\" height=\"1365\" srcset=\"https:\/\/comtal.org\/wp-content\/uploads\/FC-jornada-34-1.jpg 2048w, https:\/\/comtal.org\/wp-content\/uploads\/FC-jornada-34-1-300x200.jpg 300w, https:\/\/comtal.org\/wp-content\/uploads\/FC-jornada-34-1-768x512.jpg 768w, https:\/\/comtal.org\/wp-content\/uploads\/FC-jornada-34-1-1024x683.jpg 1024w, https:\/\/comtal.org\/wp-content\/uploads\/FC-jornada-34-1-188x125.jpg 188w\" sizes=\"auto, (max-width: 2048px) 100vw, 2048px\" \/><\/span><\/div>\n<div class=\"clear\"><\/div>\n<p>Fue una jornada intensa y participativa. Seguramente quedaron muchas cosas por decir, pero las que se dijeron, se escucharon seriamente y no debemos olvidarlas.<br \/>\nGracias a todos los que hicisteis posible este d\u00eda. Gracias por ayudarnos a levantar la voz de los que m\u00e1s lo necesitan.<\/p>\n<p><span class=\"responsive\"><img loading=\"lazy\" decoding=\"async\" class=\"aligncenter size-full wp-image-16672\" src=\"https:\/\/comtal.org\/wp-content\/uploads\/FC-jornada-61-1.jpg\" alt=\"\" width=\"2048\" height=\"654\" srcset=\"https:\/\/comtal.org\/wp-content\/uploads\/FC-jornada-61-1.jpg 2048w, https:\/\/comtal.org\/wp-content\/uploads\/FC-jornada-61-1-300x96.jpg 300w, https:\/\/comtal.org\/wp-content\/uploads\/FC-jornada-61-1-768x245.jpg 768w, https:\/\/comtal.org\/wp-content\/uploads\/FC-jornada-61-1-1024x327.jpg 1024w, https:\/\/comtal.org\/wp-content\/uploads\/FC-jornada-61-1-188x60.jpg 188w\" sizes=\"auto, (max-width: 2048px) 100vw, 2048px\" \/><\/span><\/p>\n<p><strong>GRACIAS A LA COLABORACI\u00d3N DE<\/p>\n<div class=\"one_half\"><span class=\"responsive\"><img loading=\"lazy\" decoding=\"async\" class=\"aligncenter size-full wp-image-17598\" src=\"https:\/\/comtal.org\/wp-content\/uploads\/logo-ajuntament-de-barcelona-e1571688349501.jpg\" alt=\"\" width=\"170\" height=\"170\" \/><\/span><\/div>\n<div class=\"one_half last\"><span class=\"responsive\"><img loading=\"lazy\" decoding=\"async\" class=\"aligncenter size-full wp-image-17601\" src=\"https:\/\/comtal.org\/wp-content\/uploads\/diputaci\u00f3-de-barcelona-logo-1-e1571688810262.jpg\" alt=\"\" width=\"260\" height=\"174\" \/><\/span><\/div>\n<div class=\"clear\"><\/div>\n<p><\/strong><\/p>\n","protected":false},"excerpt":{"rendered":"<p>El pasado 7 de febrero organizamos una jornada t\u00e9cnica con motivo de nuestro 25\u00ba cumplea\u00f1os para dar voz a los j\u00f3venes que viven situaciones de vulnerabilidad por diferentes motivos. Las [&hellip;]<\/p>\n","protected":false},"author":2,"featured_media":16664,"comment_status":"closed","ping_status":"closed","sticky":false,"template":"","format":"standard","meta":{"footnotes":""},"categories":[19],"tags":[],"class_list":["post-16663","post","type-post","status-publish","format-standard","has-post-thumbnail","hentry","category-general-es"],"_links":{"self":[{"href":"https:\/\/comtal.org\/es\/wp-json\/wp\/v2\/posts\/16663","targetHints":{"allow":["GET"]}}],"collection":[{"href":"https:\/\/comtal.org\/es\/wp-json\/wp\/v2\/posts"}],"about":[{"href":"https:\/\/comtal.org\/es\/wp-json\/wp\/v2\/types\/post"}],"author":[{"embeddable":true,"href":"https:\/\/comtal.org\/es\/wp-json\/wp\/v2\/users\/2"}],"replies":[{"embeddable":true,"href":"https:\/\/comtal.org\/es\/wp-json\/wp\/v2\/comments?post=16663"}],"version-history":[{"count":5,"href":"https:\/\/comtal.org\/es\/wp-json\/wp\/v2\/posts\/16663\/revisions"}],"predecessor-version":[{"id":17615,"href":"https:\/\/comtal.org\/es\/wp-json\/wp\/v2\/posts\/16663\/revisions\/17615"}],"wp:featuredmedia":[{"embeddable":true,"href":"https:\/\/comtal.org\/es\/wp-json\/wp\/v2\/media\/16664"}],"wp:attachment":[{"href":"https:\/\/comtal.org\/es\/wp-json\/wp\/v2\/media?parent=16663"}],"wp:term":[{"taxonomy":"category","embeddable":true,"href":"https:\/\/comtal.org\/es\/wp-json\/wp\/v2\/categories?post=16663"},{"taxonomy":"post_tag","embeddable":true,"href":"https:\/\/comtal.org\/es\/wp-json\/wp\/v2\/tags?post=16663"}],"curies":[{"name":"wp","href":"https:\/\/api.w.org\/{rel}","templated":true}]}}