{"id":16589,"date":"2019-01-22T13:03:22","date_gmt":"2019-01-22T13:03:22","guid":{"rendered":"https:\/\/comtal.org\/?p=16589"},"modified":"2019-01-22T13:05:16","modified_gmt":"2019-01-22T13:05:16","slug":"amadou-un-ejemplo-de-superacion","status":"publish","type":"post","link":"https:\/\/comtal.org\/es\/amadou-un-ejemplo-de-superacion\/","title":{"rendered":"AMADOU, UN EJEMPLO DE SUPERACI\u00d3N"},"content":{"rendered":"<p>Amadou\u00a0decidi\u00f3 dejar su ciudad natal, Senegal, en 2006 con 152 personas que como \u00e9l, buscaban un futuro mejor.<br \/>\nViaj\u00f3 en\u00a0cayuco\u00a0pasando <strong>precariedad y desnutrici\u00f3n<\/strong>, y vivi\u00f3 la muerte de dos de sus compa\u00f1eros durante el trayecto hacia Espa\u00f1a. Una experiencia que marc\u00f3 su vida.<\/p>\n<p><em>\u201cAll\u00ed uno va tirando como puede para poder sobrevivir, pero an\u00edmicamente\u2026imag\u00ednate, es la vida de dos personas que se han quedado en el mar. Es duro. Cuando nosotros est\u00e1bamos saliendo de Senegal para venir aqu\u00ed, est\u00e1bamos contentos, nadie imaginaba que eso iba a pasar.<strong> A veces hay que arriesgar, pero arriesgar para quedarse sin vida, es un riesgo que no compensa<\/strong><\/em><strong>.<\/strong> <em>En el d\u00e9cimo tercer d\u00eda vino la cruz roja a recogernos a la costa de Las Palmas y estuvimos en su centro durante cuarenta d\u00edas.\u201d <\/em><\/p>\n<p>Tras ser atendido,\u00a0Amadou\u00a0consigui\u00f3 llegar a Catalu\u00f1a gracias al contacto de un familiar.<\/p>\n<p>\u201c<em>Estuve en Rub\u00ed casi un a\u00f1o con mi cu\u00f1ado pero <strong>comenz\u00f3 la crisis y todo nos empez\u00f3 a ir mal. <\/strong>Me tuve que ir a buscarme la vida, me fui de Rub\u00ed y me vine a Barcelona a buscar trabajo. Aqu\u00ed un amigo me dijo: Mira, te queda un a\u00f1o para cumplir 18 a\u00f1os, si en este a\u00f1o vienes conmigo a un centro, podr\u00e1s tener los papeles y trabajo, pero depende de ti. Entonces fui a un centro en Vallvidrera (que ya est\u00e1 cerrado),\u00a0 consegu\u00ed los papeles y luego me trajeron a la Fundaci\u00f3n Comtal. Y desde entonces llevo trabajando 6 a\u00f1os con ellos<\/em>\u201d<\/p>\n<p>Amadou\u00a0hace 6 a\u00f1os que trabaja para el proyecto \u201cPersianas Netas a Ciuta Vella\u201d de la Fundaci\u00f3n Condal. <span style=\"color: #ff9900;\">Un proyecto que consiste en hacer mantenimiento de las persianas de los comercios del distrito de Ciutat Vella.<\/span><\/p>\n<p>\u201c<em>Si yo hablo es porque lo siento, nadie me obliga ni me paga. Aqu\u00ed siempre me han ayudado mucho. Me han tratado bien y sin faltar el respeto, ni yo a ellos. <strong>Es un sitio donde nunca me he sentido inferior. Todos somos iguales.<span style=\"color: #000000;\"> Es lo que me han demostrado: yo soy importante para ellos y ellos para m\u00ed. Por eso siempre digo a la gente que en esta Fundaci\u00f3n, solo pasan cosas buenas<\/span><\/strong><\/em><span style=\"color: #000000;\">\u201d.<\/span><\/p>\n<h2><span style=\"color: #808080;\">Insertamos laboralmente a jovenes vulnerables<\/span><\/h2>\n<p><span class=\"responsive\"><img loading=\"lazy\" decoding=\"async\" class=\"aligncenter size-full wp-image-16590\" src=\"https:\/\/comtal.org\/wp-content\/uploads\/amadeu-1.jpg\" alt=\"\" width=\"1299\" height=\"866\" srcset=\"https:\/\/comtal.org\/wp-content\/uploads\/amadeu-1.jpg 1299w, https:\/\/comtal.org\/wp-content\/uploads\/amadeu-1-300x200.jpg 300w, https:\/\/comtal.org\/wp-content\/uploads\/amadeu-1-768x512.jpg 768w, https:\/\/comtal.org\/wp-content\/uploads\/amadeu-1-1024x683.jpg 1024w, https:\/\/comtal.org\/wp-content\/uploads\/amadeu-1-188x125.jpg 188w\" sizes=\"auto, (max-width: 1299px) 100vw, 1299px\" \/><\/span><\/p>\n<p>Con el proyecto \u201cPersianas Netas en Ciutat Vella\u201d de la Fundaci\u00f3 Comtal,<span style=\"color: #ff9900;\"><strong> insertamos laboralmente j\u00f3venes en situaci\u00f3n de vulnerabilidad a trav\u00e9s de acciones comunitarias y de mejora del entorno de la ciudad.<\/strong><\/span><\/p>\n<p>Un grupo de j\u00f3venes con dificultades para insertarse en el mundo profesional trabajan limpiando y pintando persianas de comercios del distrito de Ciutat Vella, despu\u00e9s de recibir un a\u00f1o de formaci\u00f3n. Los j\u00f3venes sanean primero y pintan posteriormente las persianas con un tipo de producto que permite su limpieza posterior de manera f\u00e1cil y r\u00e1pida, incluso en el caso de tener que limpiar grafitis.<\/p>\n<p>Gracias a un convenio firmado con el Ayuntamiento de Barcelona, <strong>impulsamos y coordinamos esta iniciativa pionera que demuestra que es posible transformar la realidad que nos rodea desde una vertiente social<\/strong> y conseguir una ciudad m\u00e1s limpia, beneficiando tambi\u00e9n a los comercios del distrito adheridos a la campa\u00f1a.<\/p>\n<p><span class=\"responsive\"><img loading=\"lazy\" decoding=\"async\" class=\"aligncenter size-full wp-image-16591\" src=\"https:\/\/comtal.org\/wp-content\/uploads\/persianes-netes-1.jpg\" alt=\"\" width=\"1299\" height=\"866\" srcset=\"https:\/\/comtal.org\/wp-content\/uploads\/persianes-netes-1.jpg 1299w, https:\/\/comtal.org\/wp-content\/uploads\/persianes-netes-1-300x200.jpg 300w, https:\/\/comtal.org\/wp-content\/uploads\/persianes-netes-1-768x512.jpg 768w, https:\/\/comtal.org\/wp-content\/uploads\/persianes-netes-1-1024x683.jpg 1024w, https:\/\/comtal.org\/wp-content\/uploads\/persianes-netes-1-188x125.jpg 188w\" sizes=\"auto, (max-width: 1299px) 100vw, 1299px\" \/><\/span><\/p>\n<p><strong>Con este proyecto hemos conseguido el empoderamiento y la inserci\u00f3n laboral de 36 j\u00f3venes en riesgo de exclusi\u00f3n sociolaboral y hemos limpiado y pintado cada a\u00f1o m\u00e1s de 400 persianas en Barcelona.<\/strong><\/p>\n<p>Enhorabuena a todos por el \u00e9xito conseguido!<\/p>\n","protected":false},"excerpt":{"rendered":"<p>Amadou\u00a0decidi\u00f3 dejar su ciudad natal, Senegal, en 2006 con 152 personas que como \u00e9l, buscaban un futuro mejor. Viaj\u00f3 en\u00a0cayuco\u00a0pasando precariedad y desnutrici\u00f3n, y vivi\u00f3 la muerte de dos de [&hellip;]<\/p>\n","protected":false},"author":2,"featured_media":16590,"comment_status":"closed","ping_status":"closed","sticky":false,"template":"","format":"standard","meta":{"footnotes":""},"categories":[1,19],"tags":[],"class_list":["post-16589","post","type-post","status-publish","format-standard","has-post-thumbnail","hentry","category-general","category-general-es"],"_links":{"self":[{"href":"https:\/\/comtal.org\/es\/wp-json\/wp\/v2\/posts\/16589","targetHints":{"allow":["GET"]}}],"collection":[{"href":"https:\/\/comtal.org\/es\/wp-json\/wp\/v2\/posts"}],"about":[{"href":"https:\/\/comtal.org\/es\/wp-json\/wp\/v2\/types\/post"}],"author":[{"embeddable":true,"href":"https:\/\/comtal.org\/es\/wp-json\/wp\/v2\/users\/2"}],"replies":[{"embeddable":true,"href":"https:\/\/comtal.org\/es\/wp-json\/wp\/v2\/comments?post=16589"}],"version-history":[{"count":3,"href":"https:\/\/comtal.org\/es\/wp-json\/wp\/v2\/posts\/16589\/revisions"}],"predecessor-version":[{"id":16594,"href":"https:\/\/comtal.org\/es\/wp-json\/wp\/v2\/posts\/16589\/revisions\/16594"}],"wp:featuredmedia":[{"embeddable":true,"href":"https:\/\/comtal.org\/es\/wp-json\/wp\/v2\/media\/16590"}],"wp:attachment":[{"href":"https:\/\/comtal.org\/es\/wp-json\/wp\/v2\/media?parent=16589"}],"wp:term":[{"taxonomy":"category","embeddable":true,"href":"https:\/\/comtal.org\/es\/wp-json\/wp\/v2\/categories?post=16589"},{"taxonomy":"post_tag","embeddable":true,"href":"https:\/\/comtal.org\/es\/wp-json\/wp\/v2\/tags?post=16589"}],"curies":[{"name":"wp","href":"https:\/\/api.w.org\/{rel}","templated":true}]}}