{"id":16562,"date":"2019-01-14T11:27:56","date_gmt":"2019-01-14T11:27:56","guid":{"rendered":"https:\/\/comtal.org\/?p=16562"},"modified":"2019-01-14T12:33:31","modified_gmt":"2019-01-14T12:33:31","slug":"jornada-tecnica-tu-ets-la-peca-clau","status":"publish","type":"post","link":"https:\/\/comtal.org\/es\/jornada-tecnica-tu-ets-la-peca-clau\/","title":{"rendered":"JORNADA T\u00c8CNICA \u00abTU ETS LA PE\u00c7A CLAU\u00bb"},"content":{"rendered":"<p>Arriba el segon esdeveniment que hem preparat per celebrar\u00a0\u00a0<span style=\"color: #ff9900;\"><strong>25 anys d&#8217;intervenci\u00f3 socioeducativa i laboral<\/strong><\/span> al Casc Antic de Barcelona: \u00a0la Jornada T\u00e8cnica \u00abTu ets la pe\u00e7a clau\u00bb.<\/p>\n<p>Volem\u00a0 donar <strong>veu a tots aquells joves que viuen situacions de vulnerabilitat, especialment al Casc Antic de Barcelona<\/strong>. Joves amb manca de capacitats per esdevenir aut\u00f2noms, joves amb un nivell formatiu que els porta a una situaci\u00f3 de baixa ocupabilitat, joves nouvinguts, joves altament preparats sense perspectives de futur\u2026p<strong>er\u00f2 tots joves i la clau del futur<\/strong>.<\/p>\n<p>Hi haur\u00e0 dues taules rodones, la primera d&#8217;experts, que parlaran de la situaci\u00f3 real dels joves des de diferents perspectives i la segona amb els joves participants en els projectes de la Fundaci\u00f3 Comtal, perqu\u00e8 puguin parlar en primera persona de la seva experi\u00e8ncia i del que creuen que es pot fer per millorar.<\/p>\n<p><span class=\"responsive\"><img loading=\"lazy\" decoding=\"async\" class=\"aligncenter size-full wp-image-16572\" src=\"https:\/\/comtal.org\/wp-content\/uploads\/Jonada-T\u00e8cnica-Fundaci\u00f3-Comtal.jpg\" alt=\"\" width=\"1448\" height=\"2048\" srcset=\"https:\/\/comtal.org\/wp-content\/uploads\/Jonada-T\u00e8cnica-Fundaci\u00f3-Comtal.jpg 1448w, https:\/\/comtal.org\/wp-content\/uploads\/Jonada-T\u00e8cnica-Fundaci\u00f3-Comtal-212x300.jpg 212w, https:\/\/comtal.org\/wp-content\/uploads\/Jonada-T\u00e8cnica-Fundaci\u00f3-Comtal-768x1086.jpg 768w, https:\/\/comtal.org\/wp-content\/uploads\/Jonada-T\u00e8cnica-Fundaci\u00f3-Comtal-724x1024.jpg 724w, https:\/\/comtal.org\/wp-content\/uploads\/Jonada-T\u00e8cnica-Fundaci\u00f3-Comtal-91x129.jpg 91w\" sizes=\"auto, (max-width: 1448px) 100vw, 1448px\" \/><\/span><\/p>\n<p><strong>Us esperem el proper 7 de febrer de 9h a 14h al Palau Macaya.<\/strong><\/p>\n<div class=\"callout\">\n<div class=\"border clearfix\">\n<div class=\"callout-content\">\n<h2 class=\"highlight\">Jornada t\u00e8cnica.<\/h2>\n<\/p><\/div>\n<div class=\"callout-button\" style=\"margin:0px;\">\n      \t\t\t\t<a class=\"button normal white, yellow, orange, red, blue, green, gray, black, alternative-1, alternative-2, alternative-3\" href=\"https:\/\/docs.google.com\/forms\/d\/e\/1FAIpQLSfozaZSAZoIZ4lSITXQbgUtPRA9Xmpzq5_hRSZ8UW2auvWKaQ\/formResponse\" target=\"_blank or _self\" rel=\"noopener\">Confirmo la meva assist\u00e8ncia<\/a>\n      \t\t\t<\/div>\n<\/div>\n<\/div>\n<p>&nbsp;<\/p>\n","protected":false},"excerpt":{"rendered":"<p>Arriba el segon esdeveniment que hem preparat per celebrar\u00a0\u00a025 anys d&#8217;intervenci\u00f3 socioeducativa i laboral al Casc Antic de Barcelona: \u00a0la Jornada T\u00e8cnica \u00abTu ets la pe\u00e7a clau\u00bb. Volem\u00a0 donar veu [&hellip;]<\/p>\n","protected":false},"author":2,"featured_media":16571,"comment_status":"closed","ping_status":"closed","sticky":false,"template":"","format":"standard","meta":{"footnotes":""},"categories":[1],"tags":[],"class_list":["post-16562","post","type-post","status-publish","format-standard","has-post-thumbnail","hentry","category-general"],"_links":{"self":[{"href":"https:\/\/comtal.org\/es\/wp-json\/wp\/v2\/posts\/16562","targetHints":{"allow":["GET"]}}],"collection":[{"href":"https:\/\/comtal.org\/es\/wp-json\/wp\/v2\/posts"}],"about":[{"href":"https:\/\/comtal.org\/es\/wp-json\/wp\/v2\/types\/post"}],"author":[{"embeddable":true,"href":"https:\/\/comtal.org\/es\/wp-json\/wp\/v2\/users\/2"}],"replies":[{"embeddable":true,"href":"https:\/\/comtal.org\/es\/wp-json\/wp\/v2\/comments?post=16562"}],"version-history":[{"count":5,"href":"https:\/\/comtal.org\/es\/wp-json\/wp\/v2\/posts\/16562\/revisions"}],"predecessor-version":[{"id":16573,"href":"https:\/\/comtal.org\/es\/wp-json\/wp\/v2\/posts\/16562\/revisions\/16573"}],"wp:featuredmedia":[{"embeddable":true,"href":"https:\/\/comtal.org\/es\/wp-json\/wp\/v2\/media\/16571"}],"wp:attachment":[{"href":"https:\/\/comtal.org\/es\/wp-json\/wp\/v2\/media?parent=16562"}],"wp:term":[{"taxonomy":"category","embeddable":true,"href":"https:\/\/comtal.org\/es\/wp-json\/wp\/v2\/categories?post=16562"},{"taxonomy":"post_tag","embeddable":true,"href":"https:\/\/comtal.org\/es\/wp-json\/wp\/v2\/tags?post=16562"}],"curies":[{"name":"wp","href":"https:\/\/api.w.org\/{rel}","templated":true}]}}