{"id":16553,"date":"2019-01-08T16:24:38","date_gmt":"2019-01-08T16:24:38","guid":{"rendered":"https:\/\/comtal.org\/?p=16553"},"modified":"2019-01-08T16:54:54","modified_gmt":"2019-01-08T16:54:54","slug":"un-nadal-mes-complim-els-seus-somnis","status":"publish","type":"post","link":"https:\/\/comtal.org\/es\/un-nadal-mes-complim-els-seus-somnis\/","title":{"rendered":"UN NADAL M\u00c9S COMPLIM ELS SEUS SOMNIS"},"content":{"rendered":"<p>Un any m\u00e9s, <strong>GR\u00c0CIES<\/strong> a la col\u00b7laboraci\u00f3 i la solidaritat de tots vosaltres, hem pogut complir els somnis de Nadal dels infants, joves i fam\u00edlies que atenem a la Fundaci\u00f3 Comtal. No tenim paraules per agrair-vos el que heu fet, perqu\u00e8 sense vosaltres, la m\u00e0gia del Nadal no ser\u00eda possible.<\/p>\n<p>Han siguts dies plens d&#8217;emocions, d&#8217;il\u00b7lusions i de molts nervis. El passat dia 4 de gener, SSMM els Reis Mags van enviar al <strong>Patge Pietro<\/strong> perqu\u00e8 els infants i joves del Centre Obert i del programa Tria Estudi poguessin tenir els seus regals a temps. El van rebre, entre can\u00e7\u00f3 i can\u00e7\u00f3, i van anar <strong>obrint els regals que portava des d&#8217;Orien<\/strong>t.<\/p>\n<p><span class=\"responsive\"><img loading=\"lazy\" decoding=\"async\" class=\"aligncenter size-full wp-image-16555\" src=\"https:\/\/comtal.org\/wp-content\/uploads\/IMG-20190107-WA0032.jpg\" alt=\"\" width=\"1600\" height=\"1200\" srcset=\"https:\/\/comtal.org\/wp-content\/uploads\/IMG-20190107-WA0032.jpg 1600w, https:\/\/comtal.org\/wp-content\/uploads\/IMG-20190107-WA0032-300x225.jpg 300w, https:\/\/comtal.org\/wp-content\/uploads\/IMG-20190107-WA0032-768x576.jpg 768w, https:\/\/comtal.org\/wp-content\/uploads\/IMG-20190107-WA0032-1024x768.jpg 1024w, https:\/\/comtal.org\/wp-content\/uploads\/IMG-20190107-WA0032-172x129.jpg 172w\" sizes=\"auto, (max-width: 1600px) 100vw, 1600px\" \/><\/span><\/p>\n<p>Per\u00f2 aquest no va ser l&#8217;\u00fanic dia d&#8217;emocions. Abans d&#8217;acomiadar-nos del 2018 hem\u00a0<strong>celebrat el ti\u00f3, dinars de germanor i sortides al cinema o al salting. Tamb\u00e9 hem rebut molt\u00edssims aliments<\/strong> que faran possible que els diferents projectes de la casa tirin endavant.<strong>\u00a0<\/strong><\/p>\n<p><strong>G<\/strong><strong>r\u00e0cies a la solidaritat de tantes i tantes persones, empreses, escoles i organitzacions que s&#8217;impliquen per fer realitat els somnis de Nadal.<\/strong><\/p>\n<p>Durant els propers mesos continuarem dibuixant somriures i fent realitat\u00a0 m\u00e9s activitats amb els diferents grups d&#8217;edat: anirem al salting, al scape room &#8230;<\/p>\n<p><strong>\u00a0Per sumar i per ajudar-nos a dibuixar un futur ple d\u2019oportunitats volem fer una menci\u00f3 especial a<\/strong>:<\/p>\n<div class=\"one_half\">\n<p><span style=\"color: #ff9900;\">Associaci\u00f3 de Voluntaris de \u00abla Caixa\u00bb<\/span><\/p>\n<p><span style=\"color: #ff9900;\">NO-KO<\/span><\/p>\n<p><span style=\"color: #ff9900;\">Col\u00b7legi de Farmac\u00e8utics de Barcelona<\/span><\/p>\n<p><span style=\"color: #ff9900;\">Cat Real Estate<\/span><\/p>\n<p><span style=\"color: #ff9900;\">Plasper<\/span><\/p>\n<p><span style=\"color: #ff9900;\">Roca Junyent<\/span><\/p>\n<p><span style=\"color: #ff9900;\">Selenta Group<\/span><\/p>\n<p><span style=\"color: #ff9900;\">La Salle Palam\u00f3s<\/span><\/p>\n<p><span style=\"color: #ff9900;\">La Salle Comtal<\/span><\/p>\n<p><span style=\"color: #ff9900;\">Finestra Oberta<\/span><\/p>\n<p><span style=\"color: #ff9900;\">La Salle Bonanova<\/span><\/p>\n<p><span style=\"color: #ff9900;\">La Salle Congr\u00e9s<\/span><\/p>\n<\/div>\n<div class=\"one_half last\">\n<p><span style=\"color: #ff9900;\">La Salle Premi\u00e0<\/span><\/p>\n<p><span style=\"color: #ff9900;\">Ampa La Salle Premi\u00e0<\/span><\/p>\n<p><span style=\"color: #ff9900;\">Vida Caixa<\/span><\/p>\n<p><span style=\"color: #ff9900;\">La Salle Montcada<\/span><\/p>\n<p><span style=\"color: #ff9900;\">La Salle Mollerussa<\/span><\/p>\n<p><span style=\"color: #ff9900;\">OAK House<\/span><\/p>\n<p><span style=\"color: #ff9900;\">On Translation<\/span><\/p>\n<p><span style=\"color: #ff9900;\">La Salle Gracia<\/span><\/p>\n<p><span style=\"color: #ff9900;\">La Salle Manresa<\/span><\/p>\n<p><span style=\"color: #ff9900;\">La Salle Barceloneta<\/span><\/p>\n<p><span style=\"color: #ff9900;\">La Salle Campus Barcelona URL<\/span><\/p>\n<p><span style=\"color: #ff9900;\">Ampa La Salle Bonanova<\/span><\/p>\n<p><span style=\"color: #ff9900;\"><\/div>\n<div class=\"clear\"><\/div>\n<p><\/span><\/p>\n<p><strong>No et perdis l&#8217;\u00e0lbum de fotos. <span style=\"color: #3366ff;\"><a style=\"color: #3366ff;\" href=\"https:\/\/www.flickr.com\/photos\/campanyatriaespai_fundaciocomtal\/albums\/72157675359607527\/with\/32786293958\/\" target=\"_blank\" rel=\"noopener\">Fes clic aqu\u00ed<\/a><\/span><\/strong><\/p>\n","protected":false},"excerpt":{"rendered":"<p>Un any m\u00e9s, GR\u00c0CIES a la col\u00b7laboraci\u00f3 i la solidaritat de tots vosaltres, hem pogut complir els somnis de Nadal dels infants, joves i fam\u00edlies que atenem a la Fundaci\u00f3 [&hellip;]<\/p>\n","protected":false},"author":2,"featured_media":16554,"comment_status":"closed","ping_status":"closed","sticky":false,"template":"","format":"standard","meta":{"footnotes":""},"categories":[1],"tags":[],"class_list":["post-16553","post","type-post","status-publish","format-standard","has-post-thumbnail","hentry","category-general"],"_links":{"self":[{"href":"https:\/\/comtal.org\/es\/wp-json\/wp\/v2\/posts\/16553","targetHints":{"allow":["GET"]}}],"collection":[{"href":"https:\/\/comtal.org\/es\/wp-json\/wp\/v2\/posts"}],"about":[{"href":"https:\/\/comtal.org\/es\/wp-json\/wp\/v2\/types\/post"}],"author":[{"embeddable":true,"href":"https:\/\/comtal.org\/es\/wp-json\/wp\/v2\/users\/2"}],"replies":[{"embeddable":true,"href":"https:\/\/comtal.org\/es\/wp-json\/wp\/v2\/comments?post=16553"}],"version-history":[{"count":2,"href":"https:\/\/comtal.org\/es\/wp-json\/wp\/v2\/posts\/16553\/revisions"}],"predecessor-version":[{"id":16559,"href":"https:\/\/comtal.org\/es\/wp-json\/wp\/v2\/posts\/16553\/revisions\/16559"}],"wp:featuredmedia":[{"embeddable":true,"href":"https:\/\/comtal.org\/es\/wp-json\/wp\/v2\/media\/16554"}],"wp:attachment":[{"href":"https:\/\/comtal.org\/es\/wp-json\/wp\/v2\/media?parent=16553"}],"wp:term":[{"taxonomy":"category","embeddable":true,"href":"https:\/\/comtal.org\/es\/wp-json\/wp\/v2\/categories?post=16553"},{"taxonomy":"post_tag","embeddable":true,"href":"https:\/\/comtal.org\/es\/wp-json\/wp\/v2\/tags?post=16553"}],"curies":[{"name":"wp","href":"https:\/\/api.w.org\/{rel}","templated":true}]}}