{"id":16511,"date":"2018-11-28T15:28:26","date_gmt":"2018-11-28T15:28:26","guid":{"rendered":"https:\/\/comtal.org\/?p=16511"},"modified":"2018-12-18T15:13:55","modified_gmt":"2018-12-18T15:13:55","slug":"juntos-hacemos-una-navidad-solidaria","status":"publish","type":"post","link":"https:\/\/comtal.org\/es\/juntos-hacemos-una-navidad-solidaria\/","title":{"rendered":"JUNTOS HACEMOS UNA NAVIDAD SOLIDARIA"},"content":{"rendered":"<p>En la Fundaci\u00f3 Comtal acompa\u00f1amos a los ni\u00f1os, j\u00f3venes y familias a lo largo del a\u00f1o para que puedan superar las dificultades que viven en el d\u00eda a d\u00eda y reescribir su futuro. <strong>Cuando llega la Navidad<\/strong>, vamos un poco m\u00e1s all\u00e1 e <strong>implicamos a personas, escuelas, organizaciones y empresas para que nos ayuden a celebrar la Navidad con la m\u00e1xima ilusi\u00f3n.<\/strong><\/p>\n<p><span style=\"color: #ff9900;\"><strong>\u00bfC\u00f3mo puedo colaborar con la campa\u00f1a solidaria de Navidad?<\/strong><\/span><\/p>\n<ul>\n<li><strong>Econ\u00f3micamente o con entradas<\/strong> para hacer posibles salidas y actividades con los grupos de infantes.<\/li>\n<li>Con <strong>regalos individuales y juegos<\/strong> para celebrar el\u00a0ti\u00f3\u00a0y los reyes con peque\u00f1os y grandes.<\/li>\n<li>Haciendo <strong>donaci\u00f3n de alimentos<\/strong> para utilizar en las comidas y los talleres de h\u00e1bitos saludables.<\/li>\n<li><strong>Regalando la postal solidaria<\/strong>\u00a0a tus amigos o trabajadores por 0,80\u20ac unidad. La novedad de este a\u00f1o es que los beneficios obtenidos se repartir\u00e1n entre nuestra entidad y la Fundaci\u00f3n Proide.<\/li>\n<\/ul>\n<p>Ponte en contacto con nosotros llam\u00e1ndonos al tel\u00e9fono 932954636 para informarte de todo lo que necesitamos y escoger de qu\u00e9 forma te puedes implicar. Los regalos est\u00e1n estructurados por grupos de edad y responden a necesidades reales de nuestros usuarios, a la vez que aportan valor educativo.<\/p>\n<p>Todos<strong>\u00a0los regalos tienen que ser nuevos<\/strong>\u00a0<strong>y sin envolver<\/strong> y se repartir\u00e1n entre los 100 ni\u00f1os, adolescentes y familias sin recursos de la Fundaci\u00f3 Comtal, en la celebraci\u00f3n del\u00a0ti\u00f3\u00a0y los Reyes.<\/p>\n<p>Para <strong>colaborar econ\u00f3micamente y hacer posibles las salidas<\/strong> haz\u00a0clic\u00a0<span style=\"color: #00ccff;\"><a style=\"color: #00ccff;\" href=\"\/?page_id=11252\"><strong>aqu\u00ed<\/strong><\/a><\/span> o haz un ingreso al n\u00famero de cuenta: 2100 3002 00 2200314811 bajo el concepto Campa\u00f1a de Navidad.<\/p>\n<p>La recogida de regalos y alimentos se llevar\u00e1 a cabo del 11 al 20 de diciembre en la Calle\u00a0Allada Vermell, 5, de Barcelona.<\/p>\n<p><strong>\u00a1Muchas gracias!<\/strong><\/p>\n<p><span class=\"responsive\"><a href=\"\/?page_id=11252\"><img loading=\"lazy\" decoding=\"async\" class=\"aligncenter size-full wp-image-16513\" src=\"https:\/\/comtal.org\/wp-content\/uploads\/Captura-2.jpg\" alt=\"\" width=\"634\" height=\"482\" srcset=\"https:\/\/comtal.org\/wp-content\/uploads\/Captura-2.jpg 634w, https:\/\/comtal.org\/wp-content\/uploads\/Captura-2-300x228.jpg 300w, https:\/\/comtal.org\/wp-content\/uploads\/Captura-2-170x129.jpg 170w\" sizes=\"auto, (max-width: 634px) 100vw, 634px\" \/><\/a><\/span><\/p>\n","protected":false},"excerpt":{"rendered":"<p>En la Fundaci\u00f3 Comtal acompa\u00f1amos a los ni\u00f1os, j\u00f3venes y familias a lo largo del a\u00f1o para que puedan superar las dificultades que viven en el d\u00eda a d\u00eda y [&hellip;]<\/p>\n","protected":false},"author":2,"featured_media":16512,"comment_status":"closed","ping_status":"closed","sticky":false,"template":"","format":"standard","meta":{"footnotes":""},"categories":[19],"tags":[],"class_list":["post-16511","post","type-post","status-publish","format-standard","has-post-thumbnail","hentry","category-general-es"],"_links":{"self":[{"href":"https:\/\/comtal.org\/es\/wp-json\/wp\/v2\/posts\/16511","targetHints":{"allow":["GET"]}}],"collection":[{"href":"https:\/\/comtal.org\/es\/wp-json\/wp\/v2\/posts"}],"about":[{"href":"https:\/\/comtal.org\/es\/wp-json\/wp\/v2\/types\/post"}],"author":[{"embeddable":true,"href":"https:\/\/comtal.org\/es\/wp-json\/wp\/v2\/users\/2"}],"replies":[{"embeddable":true,"href":"https:\/\/comtal.org\/es\/wp-json\/wp\/v2\/comments?post=16511"}],"version-history":[{"count":3,"href":"https:\/\/comtal.org\/es\/wp-json\/wp\/v2\/posts\/16511\/revisions"}],"predecessor-version":[{"id":16538,"href":"https:\/\/comtal.org\/es\/wp-json\/wp\/v2\/posts\/16511\/revisions\/16538"}],"wp:featuredmedia":[{"embeddable":true,"href":"https:\/\/comtal.org\/es\/wp-json\/wp\/v2\/media\/16512"}],"wp:attachment":[{"href":"https:\/\/comtal.org\/es\/wp-json\/wp\/v2\/media?parent=16511"}],"wp:term":[{"taxonomy":"category","embeddable":true,"href":"https:\/\/comtal.org\/es\/wp-json\/wp\/v2\/categories?post=16511"},{"taxonomy":"post_tag","embeddable":true,"href":"https:\/\/comtal.org\/es\/wp-json\/wp\/v2\/tags?post=16511"}],"curies":[{"name":"wp","href":"https:\/\/api.w.org\/{rel}","templated":true}]}}