{"id":16437,"date":"2018-11-06T10:51:33","date_gmt":"2018-11-06T10:51:33","guid":{"rendered":"https:\/\/comtal.org\/?p=16437"},"modified":"2019-10-21T20:40:05","modified_gmt":"2019-10-21T20:40:05","slug":"en-la-fundacion-comtal-hacemos-25-anos","status":"publish","type":"post","link":"https:\/\/comtal.org\/es\/en-la-fundacion-comtal-hacemos-25-anos\/","title":{"rendered":"\u00a1EN LA FUNDACI\u00d3 COMTAL HACEMOS 25 A\u00d1OS!"},"content":{"rendered":"<p>\u00a1Celebramos <span style=\"color: #ff9900;\"><strong>25 a\u00f1os de intervenci\u00f3n socioeducativa y laboral<\/strong><\/span> en el Casco Antiguo de Barcelona, y lo queremos compartir con todos vosotros! Por este motivo, estamos organizando muchas actividades y eventos que ir\u00e9is conociendo a lo largo de este curso.<\/p>\n<p>El primer acto de celebraci\u00f3n de los 25 a\u00f1os ha sido una <strong>exposici\u00f3n fotogr\u00e1fica<\/strong>. Hemos conocido la evoluci\u00f3n de la fundaci\u00f3n, basada en nuestros valores y, como siempre, \u00a1los ni\u00f1os y j\u00f3venes de la casa han sido los protagonistas!<\/p>\n<p>Por otro lado, hemos aprovechado la exposici\u00f3n para presentar la<strong> nueva imagen corporativa<\/strong> de la fundaci\u00f3n y<strong>\u00a0hemos brindado todos juntos<\/strong> para seguir trabajando por un futuro mejor para todas las personas que acompa\u00f1amos d\u00eda a d\u00eda en la Fundaci\u00f3 Comtal.<\/p>\n<p><span class=\"responsive\"><img loading=\"lazy\" decoding=\"async\" class=\"aligncenter size-full wp-image-16439\" src=\"https:\/\/comtal.org\/wp-content\/uploads\/FOTO-3.jpg\" alt=\"\" width=\"842\" height=\"576\" srcset=\"https:\/\/comtal.org\/wp-content\/uploads\/FOTO-3.jpg 842w, https:\/\/comtal.org\/wp-content\/uploads\/FOTO-3-300x205.jpg 300w, https:\/\/comtal.org\/wp-content\/uploads\/FOTO-3-768x525.jpg 768w, https:\/\/comtal.org\/wp-content\/uploads\/FOTO-3-188x129.jpg 188w\" sizes=\"auto, (max-width: 842px) 100vw, 842px\" \/><\/span><\/p>\n<p>El segundo acontecimiento organizado por la Fundaci\u00f3n Condal con motivo de la celebraci\u00f3n de los 25 a\u00f1os ha sido una <strong>Jornada T\u00e9cnic<\/strong>a para hablar de <strong>la situaci\u00f3n de vulnerabilidad que viven muchos j\u00f3venes en la ciudad de Barcelona<\/strong>. La jornada cont\u00f3 con la presencia de profesionales de diferentes sectores que hablaron sobre esta realidad y tambi\u00e9n con la ponencia de j\u00f3venes del \u00e1rea de formaci\u00f3n de la Fundaci\u00f3 Comtal, que nos explicaron sus vivencias y experiencias personales.<\/p>\n<p><span class=\"responsive\"><img loading=\"lazy\" decoding=\"async\" class=\"aligncenter size-full wp-image-16668\" src=\"https:\/\/comtal.org\/wp-content\/uploads\/FC-jornada-50-1.jpg\" alt=\"\" width=\"2048\" height=\"1365\" srcset=\"https:\/\/comtal.org\/wp-content\/uploads\/FC-jornada-50-1.jpg 2048w, https:\/\/comtal.org\/wp-content\/uploads\/FC-jornada-50-1-300x200.jpg 300w, https:\/\/comtal.org\/wp-content\/uploads\/FC-jornada-50-1-768x512.jpg 768w, https:\/\/comtal.org\/wp-content\/uploads\/FC-jornada-50-1-1024x683.jpg 1024w, https:\/\/comtal.org\/wp-content\/uploads\/FC-jornada-50-1-188x125.jpg 188w\" sizes=\"auto, (max-width: 2048px) 100vw, 2048px\" \/><\/span><\/p>\n<p style=\"text-align: left;\">Queremos<strong> agradecer la tarea y la implicaci\u00f3n de todas<\/strong> <strong>las organizaciones, empresas, entidades, amigos, socios, voluntarios y profesionales<\/strong> que hab\u00e9is apostado por nosotros. Gracias a vuestro apoyo, los ni\u00f1os y j\u00f3venes a los que atendemos tienen la oportunidad de poder reescribir su futuro.<\/p>\n<p>Todos juntos hemos conseguido atender a <span style=\"color: #ff9900;\"><strong>m\u00e1s de 47.000 ni\u00f1os, j\u00f3venes y familias<\/strong><\/span> y hemos desarrollado <span style=\"color: #ff9900;\"><strong>22\u00a0proyectos\u00a0de integraci\u00f3n social<\/strong>.<\/span><\/p>\n<p>A continuaci\u00f3n, pod\u00e9is ver el <strong>v\u00eddeo de los 25 a\u00f1os<\/strong> haciendo clic en la imagen:<\/p>\n<p><span class=\"responsive\"><a href=\"https:\/\/www.youtube.com\/watch?v=od6URaFwJww&amp;t=\" target=\"_blank\" rel=\"noopener\"><img loading=\"lazy\" decoding=\"async\" class=\"aligncenter size-full wp-image-16515\" src=\"https:\/\/comtal.org\/wp-content\/uploads\/portada-video-25-anys-3.jpg\" alt=\"\" width=\"1920\" height=\"1080\" srcset=\"https:\/\/comtal.org\/wp-content\/uploads\/portada-video-25-anys-3.jpg 1920w, https:\/\/comtal.org\/wp-content\/uploads\/portada-video-25-anys-3-300x169.jpg 300w, https:\/\/comtal.org\/wp-content\/uploads\/portada-video-25-anys-3-768x432.jpg 768w, https:\/\/comtal.org\/wp-content\/uploads\/portada-video-25-anys-3-1024x576.jpg 1024w, https:\/\/comtal.org\/wp-content\/uploads\/portada-video-25-anys-3-188x106.jpg 188w\" sizes=\"auto, (max-width: 1920px) 100vw, 1920px\" \/><\/a><\/span><\/p>\n<p><strong>GRACIAS A LA COLABORACI\u00d3N DE<\/p>\n<div class=\"one_half\"><span class=\"responsive\"><img loading=\"lazy\" decoding=\"async\" class=\"aligncenter size-full wp-image-17598\" src=\"https:\/\/comtal.org\/wp-content\/uploads\/logo-ajuntament-de-barcelona-e1571688349501.jpg\" alt=\"\" width=\"170\" height=\"170\" \/><\/span><\/div>\n<div class=\"one_half last\"><span class=\"responsive\"><img loading=\"lazy\" decoding=\"async\" class=\"aligncenter size-full wp-image-17601\" src=\"https:\/\/comtal.org\/wp-content\/uploads\/diputaci\u00f3-de-barcelona-logo-1-e1571688810262.jpg\" alt=\"\" width=\"260\" height=\"174\" \/><\/span><\/div>\n<div class=\"clear\"><\/div>\n<p><\/strong><\/p>\n","protected":false},"excerpt":{"rendered":"<p>\u00a1Celebramos 25 a\u00f1os de intervenci\u00f3n socioeducativa y laboral en el Casco Antiguo de Barcelona, y lo queremos compartir con todos vosotros! Por este motivo, estamos organizando muchas actividades y eventos [&hellip;]<\/p>\n","protected":false},"author":2,"featured_media":16440,"comment_status":"closed","ping_status":"closed","sticky":false,"template":"","format":"standard","meta":{"footnotes":""},"categories":[19],"tags":[],"class_list":["post-16437","post","type-post","status-publish","format-standard","has-post-thumbnail","hentry","category-general-es"],"_links":{"self":[{"href":"https:\/\/comtal.org\/es\/wp-json\/wp\/v2\/posts\/16437","targetHints":{"allow":["GET"]}}],"collection":[{"href":"https:\/\/comtal.org\/es\/wp-json\/wp\/v2\/posts"}],"about":[{"href":"https:\/\/comtal.org\/es\/wp-json\/wp\/v2\/types\/post"}],"author":[{"embeddable":true,"href":"https:\/\/comtal.org\/es\/wp-json\/wp\/v2\/users\/2"}],"replies":[{"embeddable":true,"href":"https:\/\/comtal.org\/es\/wp-json\/wp\/v2\/comments?post=16437"}],"version-history":[{"count":4,"href":"https:\/\/comtal.org\/es\/wp-json\/wp\/v2\/posts\/16437\/revisions"}],"predecessor-version":[{"id":17614,"href":"https:\/\/comtal.org\/es\/wp-json\/wp\/v2\/posts\/16437\/revisions\/17614"}],"wp:featuredmedia":[{"embeddable":true,"href":"https:\/\/comtal.org\/es\/wp-json\/wp\/v2\/media\/16440"}],"wp:attachment":[{"href":"https:\/\/comtal.org\/es\/wp-json\/wp\/v2\/media?parent=16437"}],"wp:term":[{"taxonomy":"category","embeddable":true,"href":"https:\/\/comtal.org\/es\/wp-json\/wp\/v2\/categories?post=16437"},{"taxonomy":"post_tag","embeddable":true,"href":"https:\/\/comtal.org\/es\/wp-json\/wp\/v2\/tags?post=16437"}],"curies":[{"name":"wp","href":"https:\/\/api.w.org\/{rel}","templated":true}]}}