{"id":16094,"date":"2018-04-16T11:32:28","date_gmt":"2018-04-16T11:32:28","guid":{"rendered":"https:\/\/comtal.org\/?p=16094"},"modified":"2018-05-04T11:40:48","modified_gmt":"2018-05-04T11:40:48","slug":"ada-parellada-invitada-especial","status":"publish","type":"post","link":"https:\/\/comtal.org\/es\/ada-parellada-invitada-especial\/","title":{"rendered":"ADA PARELLADA, INVITADA ESPECIAL"},"content":{"rendered":"<p>Este mes de abril empez\u00f3 de forma intensa, \u00a1con una invitada muy especial! La conocida cocinera catalana Ada Parellada vino a hacer un taller para los j\u00f3venes de la Fundaci\u00f3n Comtal que est\u00e1n form\u00e1ndose en hosteler\u00eda, cocina y comercio. Nos dio una clase magistral de experiencia vital, energ\u00eda y actitud explicando a los j\u00f3venes como empez\u00f3 a enamorarse de la cocina desde que era muy peque\u00f1a, ayudando a sus padres en el restaurante que ten\u00edan. Y como, cuando fue mayor, decidi\u00f3 abrir su propio restaurante, el Semproniana, que hoy en d\u00eda sigue siendo un lugar de \u00e9xito.<\/p>\n<p>Fue muy emocionante o\u00edrla explicar, sin pelos en lengua, como es la realidad de una cocinera que quiere hacerse un lugar en el mundo de la hosteler\u00eda. El esfuerzo que requiere, la ilusi\u00f3n que se debe mantener para conseguir hacer funcionar el nuevo proyecto. La dedicaci\u00f3n, las horas, el trabajo impecable.<\/p>\n<p>Gracias por tu apoyo y por hacernos un hueco en la agenda, Ada. \u00a1Los j\u00f3venes aprendieron much\u00edsimo! \u00a1Y vivieron una experiencia formativa y motivadora que tardar\u00e1n en olvidar! juntos #ReescrivimFutur<\/p>\n<p><span class=\"responsive\"><img loading=\"lazy\" decoding=\"async\" class=\"aligncenter size-full wp-image-16096\" src=\"https:\/\/comtal.org\/wp-content\/uploads\/ADA-PARELLADA-CONVIDADA-ESPECIAL2.jpg\" alt=\"\" width=\"2048\" height=\"2016\" \/><\/span><\/p>\n<p><span class=\"responsive\"><img loading=\"lazy\" decoding=\"async\" class=\"aligncenter size-full wp-image-16097\" src=\"https:\/\/comtal.org\/wp-content\/uploads\/ADA-PARELLADA-CONVIDADA-ESPECIAL3.jpg\" alt=\"\" width=\"2048\" height=\"1150\" \/><\/span><\/p>\n","protected":false},"excerpt":{"rendered":"<p>Este mes de abril empez\u00f3 de forma intensa, \u00a1con una invitada muy especial! La conocida cocinera catalana Ada Parellada vino a hacer un taller para los j\u00f3venes de la Fundaci\u00f3n [&hellip;]<\/p>\n","protected":false},"author":2,"featured_media":16095,"comment_status":"closed","ping_status":"closed","sticky":false,"template":"","format":"standard","meta":{"footnotes":""},"categories":[1,19],"tags":[],"class_list":["post-16094","post","type-post","status-publish","format-standard","has-post-thumbnail","hentry","category-general","category-general-es"],"_links":{"self":[{"href":"https:\/\/comtal.org\/es\/wp-json\/wp\/v2\/posts\/16094","targetHints":{"allow":["GET"]}}],"collection":[{"href":"https:\/\/comtal.org\/es\/wp-json\/wp\/v2\/posts"}],"about":[{"href":"https:\/\/comtal.org\/es\/wp-json\/wp\/v2\/types\/post"}],"author":[{"embeddable":true,"href":"https:\/\/comtal.org\/es\/wp-json\/wp\/v2\/users\/2"}],"replies":[{"embeddable":true,"href":"https:\/\/comtal.org\/es\/wp-json\/wp\/v2\/comments?post=16094"}],"version-history":[{"count":1,"href":"https:\/\/comtal.org\/es\/wp-json\/wp\/v2\/posts\/16094\/revisions"}],"predecessor-version":[{"id":16098,"href":"https:\/\/comtal.org\/es\/wp-json\/wp\/v2\/posts\/16094\/revisions\/16098"}],"wp:featuredmedia":[{"embeddable":true,"href":"https:\/\/comtal.org\/es\/wp-json\/wp\/v2\/media\/16095"}],"wp:attachment":[{"href":"https:\/\/comtal.org\/es\/wp-json\/wp\/v2\/media?parent=16094"}],"wp:term":[{"taxonomy":"category","embeddable":true,"href":"https:\/\/comtal.org\/es\/wp-json\/wp\/v2\/categories?post=16094"},{"taxonomy":"post_tag","embeddable":true,"href":"https:\/\/comtal.org\/es\/wp-json\/wp\/v2\/tags?post=16094"}],"curies":[{"name":"wp","href":"https:\/\/api.w.org\/{rel}","templated":true}]}}