{"id":16048,"date":"2018-02-13T09:53:02","date_gmt":"2018-02-13T09:53:02","guid":{"rendered":"https:\/\/comtal.org\/?p=16048"},"modified":"2018-05-04T09:58:27","modified_gmt":"2018-05-04T09:58:27","slug":"corazones-solidarios-que-laten","status":"publish","type":"post","link":"https:\/\/comtal.org\/es\/corazones-solidarios-que-laten\/","title":{"rendered":"CORAZONES SOLIDARIOS QUE LATEN"},"content":{"rendered":"<p>El pasado viernes 2 de febrero se celebr\u00f3<strong> la tercera edici\u00f3n del concierto \u201cCors solidaris per un m\u00f3n d\u2019oportunitats\u201d.<\/strong> El teatro de <strong>La Salle Bonanova<\/strong> se llen\u00f3 de emoci\u00f3n y solidaridad en un espect\u00e1culo musical <strong>organizado por La Salle Bonanova, con la Fundaci\u00f3n Comtal y la Fundaci\u00f3n PROIDE.<\/strong> Los beneficios obtenidos se destinan \u00edntegramente a los proyectos a favor de la educaci\u00f3n de las dos entidades.<\/p>\n<p>A las 18:30h los focos iluminaban un escenario vestido para la ocasi\u00f3n, con 8 <strong>coros de diferentes escuelas de La Salle<\/strong> preparadas para actuar: L\u2019orquestra de la Prim\u00e0ria Musical de <strong>La Salle Gr\u00e0cia;<\/strong> el grupo Sons de Farners de <strong>La Salle Santa Coloma de Farners;<\/strong> alumnos de la escuela de m\u00fasica de <strong>La Salle Bonanova;<\/strong> alumnos y profesores de Bachillerato de <strong>La Salle Congr\u00e9s;<\/strong> alumnos de la ESO de <strong>La Salle Sant Celoni<\/strong> , el grupo musical <em>The Rocking Souls<\/em> de los alumnos de <strong>La Salle Montcada i Reixac<\/strong>, coro de alumnos y profesores de <strong>La Salle Premia de Mar <\/strong>y el <strong>Cor Juvenil de Clav\u00e9 XXI de Ciutat Vella<\/strong> con alumnos y exalumnos de <strong>La Salle Comtal.<\/strong><\/p>\n<p><span class=\"responsive\"><img loading=\"lazy\" decoding=\"async\" class=\"aligncenter size-full wp-image-16049\" src=\"https:\/\/comtal.org\/wp-content\/uploads\/CORS-SOLIDARIS-QUE-BATEGUEN-2.jpg\" alt=\"\" width=\"2048\" height=\"1536\" srcset=\"https:\/\/comtal.org\/wp-content\/uploads\/CORS-SOLIDARIS-QUE-BATEGUEN-2.jpg 2048w, https:\/\/comtal.org\/wp-content\/uploads\/CORS-SOLIDARIS-QUE-BATEGUEN-2-300x225.jpg 300w, https:\/\/comtal.org\/wp-content\/uploads\/CORS-SOLIDARIS-QUE-BATEGUEN-2-768x576.jpg 768w, https:\/\/comtal.org\/wp-content\/uploads\/CORS-SOLIDARIS-QUE-BATEGUEN-2-1024x768.jpg 1024w, https:\/\/comtal.org\/wp-content\/uploads\/CORS-SOLIDARIS-QUE-BATEGUEN-2-172x129.jpg 172w\" sizes=\"auto, (max-width: 2048px) 100vw, 2048px\" \/><\/span><\/p>\n<p>Los encargados de <strong>presentar el acto<\/strong> e ir cosiendo las actuaciones entre s\u00ed fueron <strong>Paula Salguero<\/strong> y <strong>Gerard Fumad\u00f3<\/strong>, los dos alumnos de Bachillerato de artes esc\u00e9nicas, danza y m\u00fasica de <strong>La Salle Barceloneta.<\/strong><\/p>\n<p>Al terminar las actuaciones se pidi\u00f3 que subieran al escenario el Hermano Josep Canal, Visitador Auxiliar Arlep, Presidente de la Fundaci\u00f3n Comtal y de la Fundaci\u00f3n PROIDE, el Sr. Jordi Jover, director de la Xarxa d\u2019Obres Educatives, vicepresidente de la Fundaci\u00f3n Comtal y de la Fundaci\u00f3n PROIDE, la Sra. Marta Galligo, presidenta de la Fundaci\u00f3n Comtal y el Sr. David Ortiz, director de la Fundaci\u00f3n PROIDE, para <strong>dar la gracias<\/strong> y ofrecer un peque\u00f1o obsequio.<\/p>\n<p>El Hermano Josep Canal invit\u00f3 a todos a colocarse la mano en el coraz\u00f3n para, simb\u00f3licamente, acercarnos a los corazones que gracias a esta iniciativa podr\u00e1n latir en diferentes partes del mundo. Con esta acci\u00f3n y unos agradecimientos se cerraba la tarde musical y solidaria de La Salle.<\/p>\n<p>Cabe destacar el <strong>servicio de bar<\/strong> que se ofreci\u00f3 <strong>gestionando por un alumno del \u201cPrograma de Formaci\u00f3 i Inserci\u00f3 en Hosteleria de la Fundaci\u00f3n Comtal.<\/strong> Por otra parte, para dinamizar un poco la media parte, se realiz\u00f3 <strong>la rifa de una pelota del Espanyol, una camiseta firmada por el Gerona y una camiseta del Bar\u00e7a.<\/strong><\/p>\n<p>El acto fue posible gracias a todos los voluntarios y voluntarias que ayudaron en la organizaci\u00f3n. Tambi\u00e9n hay que agradecer a los alumnos y profes de <strong>La Salle Barceloneta<\/strong> que hicieron la grabaci\u00f3n de las im\u00e1genes y videos y grabaron el audio, a <strong>La Salle Horta<\/strong> por la cesi\u00f3n de las gradas, a <strong>La Salle Bonanova<\/strong> por el teatro y su equipo humano y a <strong>Gr\u00e0fiques Forte<\/strong> por la impresi\u00f3n de las entradas. No queremos dejar de mencionar tambi\u00e9n el soporte que tanto el <strong>Orfe\u00f3 Catal\u00e0<\/strong> como <strong>REVISA<\/strong> dieron a los Cors Solidaris.<\/p>\n<p><strong>\u00a1Esperemos reencontrarnos el a\u00f1o que viene con la misma ilusi\u00f3n!<\/strong><\/p>\n<p><span class=\"responsive\"><img loading=\"lazy\" decoding=\"async\" class=\"aligncenter size-full wp-image-16050\" src=\"https:\/\/comtal.org\/wp-content\/uploads\/CORS-SOLIDARIS-QUE-BATEGUEN-3.jpg\" alt=\"\" width=\"1993\" height=\"1359\" srcset=\"https:\/\/comtal.org\/wp-content\/uploads\/CORS-SOLIDARIS-QUE-BATEGUEN-3.jpg 1993w, https:\/\/comtal.org\/wp-content\/uploads\/CORS-SOLIDARIS-QUE-BATEGUEN-3-300x205.jpg 300w, https:\/\/comtal.org\/wp-content\/uploads\/CORS-SOLIDARIS-QUE-BATEGUEN-3-768x524.jpg 768w, https:\/\/comtal.org\/wp-content\/uploads\/CORS-SOLIDARIS-QUE-BATEGUEN-3-1024x698.jpg 1024w, https:\/\/comtal.org\/wp-content\/uploads\/CORS-SOLIDARIS-QUE-BATEGUEN-3-188x129.jpg 188w\" sizes=\"auto, (max-width: 1993px) 100vw, 1993px\" \/><\/span><\/p>\n<p>Encontrareis m\u00e1s fotos en:<\/p>\n<p><a data-flickr-embed=\"true\" href=\"https:\/\/www.flickr.com\/photos\/campanyatriaespai_fundaciocomtal\/sets\/72157665422927828\" title=\"Cors solidaris per un m\u00f3n d&#039;oportunitats by FundacioComtal, on Flickr\" target=\"_blank\" rel=\"noopener\"><img loading=\"lazy\" decoding=\"async\" src=\"https:\/\/farm5.staticflickr.com\/4619\/28315971839_60b528cb01_c.jpg\" width=\"800\" height=\"545\" alt=\"Cors solidaris per un m\u00f3n d'oportunitats\"><\/a><script async src=\"https:\/\/embedr.flickr.com\/assets\/client-code.js\" charset=\"utf-8\"><\/script><\/p>\n","protected":false},"excerpt":{"rendered":"<p>El pasado viernes 2 de febrero se celebr\u00f3 la tercera edici\u00f3n del concierto \u201cCors solidaris per un m\u00f3n d\u2019oportunitats\u201d. El teatro de La Salle Bonanova se llen\u00f3 de emoci\u00f3n y [&hellip;]<\/p>\n","protected":false},"author":2,"featured_media":16051,"comment_status":"closed","ping_status":"closed","sticky":false,"template":"","format":"standard","meta":{"footnotes":""},"categories":[1,19],"tags":[],"class_list":["post-16048","post","type-post","status-publish","format-standard","has-post-thumbnail","hentry","category-general","category-general-es"],"_links":{"self":[{"href":"https:\/\/comtal.org\/es\/wp-json\/wp\/v2\/posts\/16048","targetHints":{"allow":["GET"]}}],"collection":[{"href":"https:\/\/comtal.org\/es\/wp-json\/wp\/v2\/posts"}],"about":[{"href":"https:\/\/comtal.org\/es\/wp-json\/wp\/v2\/types\/post"}],"author":[{"embeddable":true,"href":"https:\/\/comtal.org\/es\/wp-json\/wp\/v2\/users\/2"}],"replies":[{"embeddable":true,"href":"https:\/\/comtal.org\/es\/wp-json\/wp\/v2\/comments?post=16048"}],"version-history":[{"count":1,"href":"https:\/\/comtal.org\/es\/wp-json\/wp\/v2\/posts\/16048\/revisions"}],"predecessor-version":[{"id":16052,"href":"https:\/\/comtal.org\/es\/wp-json\/wp\/v2\/posts\/16048\/revisions\/16052"}],"wp:featuredmedia":[{"embeddable":true,"href":"https:\/\/comtal.org\/es\/wp-json\/wp\/v2\/media\/16051"}],"wp:attachment":[{"href":"https:\/\/comtal.org\/es\/wp-json\/wp\/v2\/media?parent=16048"}],"wp:term":[{"taxonomy":"category","embeddable":true,"href":"https:\/\/comtal.org\/es\/wp-json\/wp\/v2\/categories?post=16048"},{"taxonomy":"post_tag","embeddable":true,"href":"https:\/\/comtal.org\/es\/wp-json\/wp\/v2\/tags?post=16048"}],"curies":[{"name":"wp","href":"https:\/\/api.w.org\/{rel}","templated":true}]}}