{"id":16030,"date":"2018-02-05T09:21:18","date_gmt":"2018-02-05T09:21:18","guid":{"rendered":"https:\/\/comtal.org\/?p=16030"},"modified":"2018-05-04T09:52:01","modified_gmt":"2018-05-04T09:52:01","slug":"acto-de-cierre-la-hora-del-cuento-solidario","status":"publish","type":"post","link":"https:\/\/comtal.org\/es\/acto-de-cierre-la-hora-del-cuento-solidario\/","title":{"rendered":"ACTO DE CIERRE LA HORA DEL CUENTO SOLIDARIO"},"content":{"rendered":"<p>Els 4 Gats celebra el acto de cierre de la iniciativa<em> L\u2019hora del Conte Solidari. <\/em>Esta actividad se ha celebrado un domingo al mes durante todo el 2017 con motivo de su 120\u00ba cumplea\u00f1os, con la Fundaci\u00f3n Comtal como beneficiaria de los 2.240\u20ac recaudados.<\/p>\n<p>Durante los 12 meses en los que se ha llevado a cabo<em> l\u2019hora del Conte Solidari, <\/em>numerosas personalidades destacadas del \u00e1mbito cultural catal\u00e1n han hecho la lectura p\u00fablica de un cuento o una canci\u00f3n que ha marcado sus vidas. Personajes como el reconocido doctor Eduard Estivill, el cantante de Sopa de Cabra Gerard Quintana, la escritora Empar Moliner, la periodista Imma Sust, la actriz Mariona Ribas o la popular ilustradora, Pilar\u00edn Bay\u00e9s.<\/p>\n<div class=\"one_half\"><span class=\"responsive\"><img loading=\"lazy\" decoding=\"async\" class=\"aligncenter size-full wp-image-16031\" src=\"https:\/\/comtal.org\/wp-content\/uploads\/ACTE-DE-TANCAMENT-L\u2019HORA-DEL-CONTE-SOLIDARI-2.jpg\" alt=\"\" width=\"1166\" height=\"1608\" srcset=\"https:\/\/comtal.org\/wp-content\/uploads\/ACTE-DE-TANCAMENT-L\u2019HORA-DEL-CONTE-SOLIDARI-2.jpg 1166w, https:\/\/comtal.org\/wp-content\/uploads\/ACTE-DE-TANCAMENT-L\u2019HORA-DEL-CONTE-SOLIDARI-2-218x300.jpg 218w, https:\/\/comtal.org\/wp-content\/uploads\/ACTE-DE-TANCAMENT-L\u2019HORA-DEL-CONTE-SOLIDARI-2-768x1059.jpg 768w, https:\/\/comtal.org\/wp-content\/uploads\/ACTE-DE-TANCAMENT-L\u2019HORA-DEL-CONTE-SOLIDARI-2-743x1024.jpg 743w, https:\/\/comtal.org\/wp-content\/uploads\/ACTE-DE-TANCAMENT-L\u2019HORA-DEL-CONTE-SOLIDARI-2-94x129.jpg 94w\" sizes=\"auto, (max-width: 1166px) 100vw, 1166px\" \/><\/span><\/div>\n<div class=\"one_half last\"><span class=\"responsive\"><img loading=\"lazy\" decoding=\"async\" class=\"aligncenter size-full wp-image-16033\" src=\"https:\/\/comtal.org\/wp-content\/uploads\/ACTE-DE-TANCAMENT-L\u2019HORA-DEL-CONTE-SOLIDARI-4.jpg\" alt=\"\" width=\"2048\" height=\"1536\" srcset=\"https:\/\/comtal.org\/wp-content\/uploads\/ACTE-DE-TANCAMENT-L\u2019HORA-DEL-CONTE-SOLIDARI-4.jpg 2048w, https:\/\/comtal.org\/wp-content\/uploads\/ACTE-DE-TANCAMENT-L\u2019HORA-DEL-CONTE-SOLIDARI-4-300x225.jpg 300w, https:\/\/comtal.org\/wp-content\/uploads\/ACTE-DE-TANCAMENT-L\u2019HORA-DEL-CONTE-SOLIDARI-4-768x576.jpg 768w, https:\/\/comtal.org\/wp-content\/uploads\/ACTE-DE-TANCAMENT-L\u2019HORA-DEL-CONTE-SOLIDARI-4-1024x768.jpg 1024w, https:\/\/comtal.org\/wp-content\/uploads\/ACTE-DE-TANCAMENT-L\u2019HORA-DEL-CONTE-SOLIDARI-4-172x129.jpg 172w\" sizes=\"auto, (max-width: 2048px) 100vw, 2048px\" \/><\/span><\/p>\n<p><span class=\"responsive\"><img loading=\"lazy\" decoding=\"async\" class=\"aligncenter size-full wp-image-16032\" src=\"https:\/\/comtal.org\/wp-content\/uploads\/ACTE-DE-TANCAMENT-L\u2019HORA-DEL-CONTE-SOLIDARI-3.jpg\" alt=\"\" width=\"2048\" height=\"1150\" srcset=\"https:\/\/comtal.org\/wp-content\/uploads\/ACTE-DE-TANCAMENT-L\u2019HORA-DEL-CONTE-SOLIDARI-3.jpg 2048w, https:\/\/comtal.org\/wp-content\/uploads\/ACTE-DE-TANCAMENT-L\u2019HORA-DEL-CONTE-SOLIDARI-3-300x168.jpg 300w, https:\/\/comtal.org\/wp-content\/uploads\/ACTE-DE-TANCAMENT-L\u2019HORA-DEL-CONTE-SOLIDARI-3-768x431.jpg 768w, https:\/\/comtal.org\/wp-content\/uploads\/ACTE-DE-TANCAMENT-L\u2019HORA-DEL-CONTE-SOLIDARI-3-1024x575.jpg 1024w, https:\/\/comtal.org\/wp-content\/uploads\/ACTE-DE-TANCAMENT-L\u2019HORA-DEL-CONTE-SOLIDARI-3-188x106.jpg 188w\" sizes=\"auto, (max-width: 2048px) 100vw, 2048px\" \/><\/span><\/div>\n<div class=\"clear\"><\/div>\n<p>Queremos agradecer al equipo de Els 4 Gats la ilusi\u00f3n, la energ\u00eda y el coraz\u00f3n que han puesto para conseguir el \u00e9xito de esta iniciativa. Para nosotros ha sido un placer haber formado parte de la historia de este emblem\u00e1tico restaurante.<\/p>\n<p>Gracias de todo coraz\u00f3n por ayudarnos a mejorar la vida de ni\u00f1os y j\u00f3venes que m\u00e1s lo necesitan. Juntos #ReescrivimFutur.<\/p>\n<p><span class=\"responsive\"><img loading=\"lazy\" decoding=\"async\" class=\"aligncenter size-full wp-image-16034\" src=\"https:\/\/comtal.org\/wp-content\/uploads\/ACTE-DE-TANCAMENT-L\u2019HORA-DEL-CONTE-SOLIDARI-5.jpg\" alt=\"\" width=\"2048\" height=\"1658\" srcset=\"https:\/\/comtal.org\/wp-content\/uploads\/ACTE-DE-TANCAMENT-L\u2019HORA-DEL-CONTE-SOLIDARI-5.jpg 2048w, https:\/\/comtal.org\/wp-content\/uploads\/ACTE-DE-TANCAMENT-L\u2019HORA-DEL-CONTE-SOLIDARI-5-300x243.jpg 300w, https:\/\/comtal.org\/wp-content\/uploads\/ACTE-DE-TANCAMENT-L\u2019HORA-DEL-CONTE-SOLIDARI-5-768x622.jpg 768w, https:\/\/comtal.org\/wp-content\/uploads\/ACTE-DE-TANCAMENT-L\u2019HORA-DEL-CONTE-SOLIDARI-5-1024x829.jpg 1024w, https:\/\/comtal.org\/wp-content\/uploads\/ACTE-DE-TANCAMENT-L\u2019HORA-DEL-CONTE-SOLIDARI-5-159x129.jpg 159w\" sizes=\"auto, (max-width: 2048px) 100vw, 2048px\" \/><\/span><\/p>\n<p>&nbsp;<\/p>\n","protected":false},"excerpt":{"rendered":"<p>Els 4 Gats celebra el acto de cierre de la iniciativa L\u2019hora del Conte Solidari. Esta actividad se ha celebrado un domingo al mes durante todo el 2017 con motivo [&hellip;]<\/p>\n","protected":false},"author":2,"featured_media":16035,"comment_status":"closed","ping_status":"closed","sticky":false,"template":"","format":"standard","meta":{"footnotes":""},"categories":[1,19],"tags":[],"class_list":["post-16030","post","type-post","status-publish","format-standard","has-post-thumbnail","hentry","category-general","category-general-es"],"_links":{"self":[{"href":"https:\/\/comtal.org\/es\/wp-json\/wp\/v2\/posts\/16030","targetHints":{"allow":["GET"]}}],"collection":[{"href":"https:\/\/comtal.org\/es\/wp-json\/wp\/v2\/posts"}],"about":[{"href":"https:\/\/comtal.org\/es\/wp-json\/wp\/v2\/types\/post"}],"author":[{"embeddable":true,"href":"https:\/\/comtal.org\/es\/wp-json\/wp\/v2\/users\/2"}],"replies":[{"embeddable":true,"href":"https:\/\/comtal.org\/es\/wp-json\/wp\/v2\/comments?post=16030"}],"version-history":[{"count":5,"href":"https:\/\/comtal.org\/es\/wp-json\/wp\/v2\/posts\/16030\/revisions"}],"predecessor-version":[{"id":16047,"href":"https:\/\/comtal.org\/es\/wp-json\/wp\/v2\/posts\/16030\/revisions\/16047"}],"wp:featuredmedia":[{"embeddable":true,"href":"https:\/\/comtal.org\/es\/wp-json\/wp\/v2\/media\/16035"}],"wp:attachment":[{"href":"https:\/\/comtal.org\/es\/wp-json\/wp\/v2\/media?parent=16030"}],"wp:term":[{"taxonomy":"category","embeddable":true,"href":"https:\/\/comtal.org\/es\/wp-json\/wp\/v2\/categories?post=16030"},{"taxonomy":"post_tag","embeddable":true,"href":"https:\/\/comtal.org\/es\/wp-json\/wp\/v2\/tags?post=16030"}],"curies":[{"name":"wp","href":"https:\/\/api.w.org\/{rel}","templated":true}]}}