{"id":16017,"date":"2018-01-29T08:59:04","date_gmt":"2018-01-29T08:59:04","guid":{"rendered":"https:\/\/comtal.org\/?p=16017"},"modified":"2018-05-04T09:06:32","modified_gmt":"2018-05-04T09:06:32","slug":"acto-de-firma-de-los-convenios-pfi-2017-2018","status":"publish","type":"post","link":"https:\/\/comtal.org\/es\/acto-de-firma-de-los-convenios-pfi-2017-2018\/","title":{"rendered":"ACTO DE FIRMA DE LOS CONVENIOS PFI 2017-2018"},"content":{"rendered":"<p>El 19 de enero de 2018, en el sal\u00f3n de cr\u00f3nicas del Ayuntamiento de Barcelona, se formaliz\u00f3 la relaci\u00f3n de colaboraci\u00f3n entre la Fundaci\u00f3n BCN Formaci\u00f3n Profesional y el Ayuntamiento de Barcelona con los 15 centros educativos y entidades sociales de la ciudad, entre las cuales est\u00e1 la Fundaci\u00f3n Comtal.<\/p>\n<p>Los centros y las entidades sociales son los encargados de impartir los veintid\u00f3s Programas de Formaci\u00f3n e Inserci\u00f3n (PFI) cofinanciados por el Ayuntamiento de Barcelona, en el marco del Pla 16-19 y de acuerdo con la medida del gobierno \u201cImpuls al projecte educatiu de ciutat\u201d. Esta medida pretende hacer de Barcelona una capital de innovaci\u00f3n pedag\u00f3gica, y fue aprobada en febrero de 2016 por la comisi\u00f3n de Drets Socials, Cultura i Esports.<\/p>\n<p>El acto fue presidido por la teniente de alcald\u00eda de Drets Socials, Laia Ortiz, el comisionado de Educaci\u00f3 i Universitat del Ayuntamiento de Barcelona, Miquel \u00c0ngel Essomba, y el vicepresidente de la Fundaci\u00f3n BCN Formaci\u00f3n Profesional, Pere F\u00e0bregues.<\/p>\n<p>En la Fundaci\u00f3n Comtal continuamos apostando por mejorar el \u00e9xito educativo de los y las j\u00f3venes de 16 a 21 a\u00f1os que no se han graduado en la ESO y trabajamos junto con el Ayuntamiento y las entidades sociales en una estrategia com\u00fan y compartida para la equidad educativa y la mejora de oportunidades de los j\u00f3venes, a fin de conseguir que la educaci\u00f3n sea un derecho para todos al largo de la vida.<\/p>\n<p><span class=\"responsive\"><img loading=\"lazy\" decoding=\"async\" class=\"size-full wp-image-16018\" src=\"https:\/\/comtal.org\/wp-content\/uploads\/ACTE-DE-SIGNATURA-DELS-CONVENIS-PFI-2017-2018-2.jpg\" alt=\"\" width=\"1024\" height=\"684\" srcset=\"https:\/\/comtal.org\/wp-content\/uploads\/ACTE-DE-SIGNATURA-DELS-CONVENIS-PFI-2017-2018-2.jpg 1024w, https:\/\/comtal.org\/wp-content\/uploads\/ACTE-DE-SIGNATURA-DELS-CONVENIS-PFI-2017-2018-2-300x200.jpg 300w, https:\/\/comtal.org\/wp-content\/uploads\/ACTE-DE-SIGNATURA-DELS-CONVENIS-PFI-2017-2018-2-768x513.jpg 768w, https:\/\/comtal.org\/wp-content\/uploads\/ACTE-DE-SIGNATURA-DELS-CONVENIS-PFI-2017-2018-2-188x126.jpg 188w\" sizes=\"auto, (max-width: 1024px) 100vw, 1024px\" \/><\/span><\/p>\n","protected":false},"excerpt":{"rendered":"<p>El 19 de enero de 2018, en el sal\u00f3n de cr\u00f3nicas del Ayuntamiento de Barcelona, se formaliz\u00f3 la relaci\u00f3n de colaboraci\u00f3n entre la Fundaci\u00f3n BCN Formaci\u00f3n Profesional y el Ayuntamiento [&hellip;]<\/p>\n","protected":false},"author":2,"featured_media":16019,"comment_status":"closed","ping_status":"closed","sticky":false,"template":"","format":"standard","meta":{"footnotes":""},"categories":[1,19],"tags":[],"class_list":["post-16017","post","type-post","status-publish","format-standard","has-post-thumbnail","hentry","category-general","category-general-es"],"_links":{"self":[{"href":"https:\/\/comtal.org\/es\/wp-json\/wp\/v2\/posts\/16017","targetHints":{"allow":["GET"]}}],"collection":[{"href":"https:\/\/comtal.org\/es\/wp-json\/wp\/v2\/posts"}],"about":[{"href":"https:\/\/comtal.org\/es\/wp-json\/wp\/v2\/types\/post"}],"author":[{"embeddable":true,"href":"https:\/\/comtal.org\/es\/wp-json\/wp\/v2\/users\/2"}],"replies":[{"embeddable":true,"href":"https:\/\/comtal.org\/es\/wp-json\/wp\/v2\/comments?post=16017"}],"version-history":[{"count":5,"href":"https:\/\/comtal.org\/es\/wp-json\/wp\/v2\/posts\/16017\/revisions"}],"predecessor-version":[{"id":16024,"href":"https:\/\/comtal.org\/es\/wp-json\/wp\/v2\/posts\/16017\/revisions\/16024"}],"wp:featuredmedia":[{"embeddable":true,"href":"https:\/\/comtal.org\/es\/wp-json\/wp\/v2\/media\/16019"}],"wp:attachment":[{"href":"https:\/\/comtal.org\/es\/wp-json\/wp\/v2\/media?parent=16017"}],"wp:term":[{"taxonomy":"category","embeddable":true,"href":"https:\/\/comtal.org\/es\/wp-json\/wp\/v2\/categories?post=16017"},{"taxonomy":"post_tag","embeddable":true,"href":"https:\/\/comtal.org\/es\/wp-json\/wp\/v2\/tags?post=16017"}],"curies":[{"name":"wp","href":"https:\/\/api.w.org\/{rel}","templated":true}]}}