{"id":16013,"date":"2018-01-22T08:39:13","date_gmt":"2018-01-22T08:39:13","guid":{"rendered":"https:\/\/comtal.org\/?p=16013"},"modified":"2018-05-04T08:47:04","modified_gmt":"2018-05-04T08:47:04","slug":"cuidemonos-taller-de-nutricion-y-familia","status":"publish","type":"post","link":"https:\/\/comtal.org\/es\/cuidemonos-taller-de-nutricion-y-familia\/","title":{"rendered":"\u00a1\u00a1CUID\u00c9MONOS!! TALLER DE NUTRICI\u00d3N Y FAMILIA"},"content":{"rendered":"<p>Este 2018 la Red de curas de ayer y hoy continua tejiendo complicidades con las vecinas y entidades del barrio de Sant Pere, Santa Caterina y la Ribera. Es en este marco que el viernes 19 de enero por la tarde las madres del Centre Obert Tria participaron en el taller \u201cNutrici\u00f3 y Fam\u00edlia\u201d dinamizado por Mesclad\u00eds y Sindillar dentro del proyecto Art i Part. Juntas compartimos c\u00f3mo nos sent\u00edamos al cuidar, nutrir, cocinar, comer y todo lo que conlleva. Y hablamos de qu\u00e9 pensamos y con qu\u00e9 nos sent\u00edamos m\u00e1s c\u00f3modos y alegres. Despu\u00e9s, y de forma conjunta con los ni\u00f1os, preparamos unas deliciosas breas marroquinas de fruta.<\/p>\n<p>Los talleres de las acciones con cura se enmarcan dentro de un proyecto art\u00edstico y de reflexi\u00f3n social y comunitaria.<\/p>\n<p><strong>\u00a1Cuid\u00e9monos!<\/strong><\/p>\n<p><span class=\"responsive\"><img loading=\"lazy\" decoding=\"async\" class=\"aligncenter size-full wp-image-16014\" src=\"https:\/\/comtal.org\/wp-content\/uploads\/CUIDEM-NOS-TALLERS-DE-NUTRICIO-I-FAMILIA-2.jpeg\" alt=\"\" width=\"503\" height=\"377\" srcset=\"https:\/\/comtal.org\/wp-content\/uploads\/CUIDEM-NOS-TALLERS-DE-NUTRICIO-I-FAMILIA-2.jpeg 503w, https:\/\/comtal.org\/wp-content\/uploads\/CUIDEM-NOS-TALLERS-DE-NUTRICIO-I-FAMILIA-2-300x225.jpeg 300w, https:\/\/comtal.org\/wp-content\/uploads\/CUIDEM-NOS-TALLERS-DE-NUTRICIO-I-FAMILIA-2-172x129.jpeg 172w\" sizes=\"auto, (max-width: 503px) 100vw, 503px\" \/><\/span><\/p>\n","protected":false},"excerpt":{"rendered":"<p>Este 2018 la Red de curas de ayer y hoy continua tejiendo complicidades con las vecinas y entidades del barrio de Sant Pere, Santa Caterina y la Ribera. Es en [&hellip;]<\/p>\n","protected":false},"author":2,"featured_media":16015,"comment_status":"closed","ping_status":"closed","sticky":false,"template":"","format":"standard","meta":{"footnotes":""},"categories":[1,19],"tags":[],"class_list":["post-16013","post","type-post","status-publish","format-standard","has-post-thumbnail","hentry","category-general","category-general-es"],"_links":{"self":[{"href":"https:\/\/comtal.org\/es\/wp-json\/wp\/v2\/posts\/16013","targetHints":{"allow":["GET"]}}],"collection":[{"href":"https:\/\/comtal.org\/es\/wp-json\/wp\/v2\/posts"}],"about":[{"href":"https:\/\/comtal.org\/es\/wp-json\/wp\/v2\/types\/post"}],"author":[{"embeddable":true,"href":"https:\/\/comtal.org\/es\/wp-json\/wp\/v2\/users\/2"}],"replies":[{"embeddable":true,"href":"https:\/\/comtal.org\/es\/wp-json\/wp\/v2\/comments?post=16013"}],"version-history":[{"count":1,"href":"https:\/\/comtal.org\/es\/wp-json\/wp\/v2\/posts\/16013\/revisions"}],"predecessor-version":[{"id":16016,"href":"https:\/\/comtal.org\/es\/wp-json\/wp\/v2\/posts\/16013\/revisions\/16016"}],"wp:featuredmedia":[{"embeddable":true,"href":"https:\/\/comtal.org\/es\/wp-json\/wp\/v2\/media\/16015"}],"wp:attachment":[{"href":"https:\/\/comtal.org\/es\/wp-json\/wp\/v2\/media?parent=16013"}],"wp:term":[{"taxonomy":"category","embeddable":true,"href":"https:\/\/comtal.org\/es\/wp-json\/wp\/v2\/categories?post=16013"},{"taxonomy":"post_tag","embeddable":true,"href":"https:\/\/comtal.org\/es\/wp-json\/wp\/v2\/tags?post=16013"}],"curies":[{"name":"wp","href":"https:\/\/api.w.org\/{rel}","templated":true}]}}