{"id":16010,"date":"2018-01-12T08:12:35","date_gmt":"2018-01-12T08:12:35","guid":{"rendered":"https:\/\/comtal.org\/?p=16010"},"modified":"2018-05-04T10:21:34","modified_gmt":"2018-05-04T10:21:34","slug":"sonrisas-vividas-esta-navidad","status":"publish","type":"post","link":"https:\/\/comtal.org\/es\/sonrisas-vividas-esta-navidad\/","title":{"rendered":"SONRISAS VIVIDAS ESTA NAVIDAD"},"content":{"rendered":"<p><strong>Comenzamos el a\u00f1o nuevo llenos de ilusi\u00f3n,<\/strong> con las pilas cargadas, y con <strong>ganas de compartir las sonrisas vividas esta Navidad, gracias a la implicaci\u00f3n de muchas y muchas personas.<\/strong><\/p>\n<p>Con los <strong>ni\u00f1os y j\u00f3venes del CRAE<\/strong> pudimos celebrar, un a\u00f1o m\u00e1s, las <strong>colonias de invierno.<\/strong> Esta vez en la nieve. El d\u00eda 3 de enero salimos direcci\u00f3n a la <strong>estaci\u00f3n de esqu\u00ed<\/strong> de Port de Compte, con unas ganas incre\u00edbles de pasar la ma\u00f1ana en la pista de trineos. Durante una hora y media <strong>disfrutamos de la nieve<\/strong> y, por la tarde, todav\u00eda nos qued\u00f3 energ\u00eda para hacer una <strong>excursi\u00f3n al embalse de la Llosa del Cavall.<\/strong> El d\u00eda siguiente hicimos una caminata hasta el <strong>nacimiento del Riu Cardener,<\/strong> y cuando cay\u00f3 la tarde, <strong>bajamos hacia la ciudad.<\/strong><\/p>\n<p>El mismo d\u00eda, y entre la expectaci\u00f3n de peque\u00f1os y grandes del Tria, <strong>el paje Xiu Xiu lleg\u00f3 a la Fundaci\u00f3n.<\/strong> Los ni\u00f1os y j\u00f3venes lo recibieron, entre canci\u00f3n y canci\u00f3n, y fueron <strong>abriendo los regalos que tra\u00eda desde Oriente.<\/strong> Fue una tarde llena de nervios, emoci\u00f3n y agradecimiento.<\/p>\n<p>Pero estos no fueron las \u00fanicas sonrisas de Navidad. Antes de despedirnos del 2017, peque\u00f1os y grandes <strong>celebramos tambi\u00e9n el ti\u00f3, los almuerzos de hermandad, las salidas al cine y el skating, gracias a la solidaridad de tantas y tantas personas, empresas, escuelas y organizaciones que se implicaron para hacer realidad los sue\u00f1os de Navidad.<\/strong><\/p>\n<p>Durante los pr\u00f3ximos meses continuaremos dibujando sonrisas y haciendo actividades con los diferentes grupos de edad: iremos al chiquipark, al bowling\u2026<\/p>\n<p><strong>\u00a0<\/strong><strong>Gracias por sumar, y por ayudarnos a dibujar un futuro lleno de oportunidades a:<\/strong><\/p>\n<div class=\"one_half\">\n<p><span style=\"color: #ff9900;\">Associaci\u00f3 de Voluntaris de \u201cla Caixa\u201d<\/span><\/p>\n<p><span style=\"color: #ff9900;\">Fundaci\u00f3n Tragaluz Ni\u00f1os del Mundo<\/span><\/p>\n<p><span style=\"color: #ff9900;\">La Salle Palam\u00f3s<\/span><\/p>\n<p><span style=\"color: #ff9900;\">Real Dreams<\/span><\/p>\n<p><span style=\"color: #ff9900;\">La Salle Comtal<\/span><\/p>\n<p><span style=\"color: #ff9900;\">Finestra Oberta<\/span><\/p>\n<p><span style=\"color: #ff9900;\">La Salle Bonanova<\/span><\/p>\n<p><span style=\"color: #ff9900;\">La Salle Congr\u00e9s<\/span><\/p>\n<p><span style=\"color: #ff9900;\">Ampa Salle Premi\u00e0<\/span><\/p>\n<\/div>\n<div class=\"one_half last\">\n<p><span style=\"color: #ff9900;\">La Salle Premi\u00e0<\/span><\/p>\n<p><span style=\"color: #ff9900;\">La Salle Montcada<\/span><\/p>\n<p><span style=\"color: #ff9900;\">La Salle Mollerussa<\/span><\/p>\n<p><span style=\"color: #ff9900;\">OAK House<\/span><\/p>\n<p><span style=\"color: #ff9900;\">Almasanta<\/span><\/p>\n<p><span style=\"color: #ff9900;\">La Salle Gracia<\/span><\/p>\n<p><span style=\"color: #ff9900;\">Fundaci\u00f3 FCB<\/span><\/p>\n<p><span style=\"color: #ff9900;\">Fundaci\u00f3 Manuel Lao<\/span><\/p>\n<p><span style=\"color: #ff9900;\">La Salle Manresa<\/span><\/p>\n<\/div>\n<div class=\"clear\"><\/div>\n<p><strong>No te pierdas el \u00e1lbum de fotos. <span style=\"color: #0000ff;\">Haz clic aqu\u00ed<\/span><\/strong><\/p>\n","protected":false},"excerpt":{"rendered":"<p>Comenzamos el a\u00f1o nuevo llenos de ilusi\u00f3n, con las pilas cargadas, y con ganas de compartir las sonrisas vividas esta Navidad, gracias a la implicaci\u00f3n de muchas y muchas personas. [&hellip;]<\/p>\n","protected":false},"author":2,"featured_media":16011,"comment_status":"closed","ping_status":"closed","sticky":false,"template":"","format":"standard","meta":{"footnotes":""},"categories":[1,19],"tags":[],"class_list":["post-16010","post","type-post","status-publish","format-standard","has-post-thumbnail","hentry","category-general","category-general-es"],"_links":{"self":[{"href":"https:\/\/comtal.org\/es\/wp-json\/wp\/v2\/posts\/16010","targetHints":{"allow":["GET"]}}],"collection":[{"href":"https:\/\/comtal.org\/es\/wp-json\/wp\/v2\/posts"}],"about":[{"href":"https:\/\/comtal.org\/es\/wp-json\/wp\/v2\/types\/post"}],"author":[{"embeddable":true,"href":"https:\/\/comtal.org\/es\/wp-json\/wp\/v2\/users\/2"}],"replies":[{"embeddable":true,"href":"https:\/\/comtal.org\/es\/wp-json\/wp\/v2\/comments?post=16010"}],"version-history":[{"count":4,"href":"https:\/\/comtal.org\/es\/wp-json\/wp\/v2\/posts\/16010\/revisions"}],"predecessor-version":[{"id":16061,"href":"https:\/\/comtal.org\/es\/wp-json\/wp\/v2\/posts\/16010\/revisions\/16061"}],"wp:featuredmedia":[{"embeddable":true,"href":"https:\/\/comtal.org\/es\/wp-json\/wp\/v2\/media\/16011"}],"wp:attachment":[{"href":"https:\/\/comtal.org\/es\/wp-json\/wp\/v2\/media?parent=16010"}],"wp:term":[{"taxonomy":"category","embeddable":true,"href":"https:\/\/comtal.org\/es\/wp-json\/wp\/v2\/categories?post=16010"},{"taxonomy":"post_tag","embeddable":true,"href":"https:\/\/comtal.org\/es\/wp-json\/wp\/v2\/tags?post=16010"}],"curies":[{"name":"wp","href":"https:\/\/api.w.org\/{rel}","templated":true}]}}