{"id":16006,"date":"2017-12-27T16:19:49","date_gmt":"2017-12-27T16:19:49","guid":{"rendered":"https:\/\/comtal.org\/?p=16006"},"modified":"2018-09-05T11:51:19","modified_gmt":"2018-09-05T11:51:19","slug":"celebramos-el-10o-aniversario-del-crae-la-salle","status":"publish","type":"post","link":"https:\/\/comtal.org\/es\/celebramos-el-10o-aniversario-del-crae-la-salle\/","title":{"rendered":"CELEBRAMOS EL 10\u00ba ANIVERSARIO DEL CRAE"},"content":{"rendered":"<p>El pasado jueves 21 de diciembre celebramos los 10 a\u00f1os del nacimiento del CRAE La Salle. Un proyecto impulsado con ilusi\u00f3n para dar respuesta a las necesidades de los ni\u00f1os y adolescentes que se encuentran en situaci\u00f3n de desamparo.<\/p>\n<p>Invitamos a todas las personas que, de una manera u otra, han participado en este viaje: ni\u00f1os y adolescentes que han vivido en el centro, educadores\/as que han formado parte del equipo que ha hecho crecer el CRAE, voluntarios\/as, Patronado, trabajadores actuales de la fundaci\u00f3n\u2026 En fin, invitamos a todas esas personas que, en alg\u00fan momento, decidieron que val\u00eda la pena participar en esta experiencia y pusieron la energ\u00eda necesaria para llevarlo adelante.<\/p>\n<p>Junto al equipo educativo, los ni\u00f1os y adolescentes que viven actualmente en el centro prepararon un video con el resumen de estos 10 a\u00f1os. Experiencias compartidas, recuerdos intensos y momentos emotivos.<\/p>\n<p>Fue un d\u00eda de reencuentros, un d\u00eda para recordarnos que todo esto ha valido la pena, que la ilusi\u00f3n con la que se empez\u00f3 el proyecto sigue intacta, y que seguimos con ganas de dedicar nuestros esfuerzos a todos esos ni\u00f1os y adolescentes que en alg\u00fan momento de su camino nos necesitan.<\/p>\n<p>\u00a1\u00a1Muchas gracias a todas aquellas personas que hab\u00e9is cre\u00eddo en este proyecto y lo hab\u00e9is hecho posible!!<\/p>\n<p><span class=\"responsive\"><img loading=\"lazy\" decoding=\"async\" class=\"aligncenter size-full wp-image-16007\" src=\"https:\/\/comtal.org\/wp-content\/uploads\/CELEBREM-EL-10E-ANIVERSARI-DEL-CRAE-LA-SALLE-2.jpg\" alt=\"\" width=\"2048\" height=\"1536\" \/><\/span><\/p>\n","protected":false},"excerpt":{"rendered":"<p>El pasado jueves 21 de diciembre celebramos los 10 a\u00f1os del nacimiento del CRAE La Salle. Un proyecto impulsado con ilusi\u00f3n para dar respuesta a las necesidades de los ni\u00f1os [&hellip;]<\/p>\n","protected":false},"author":2,"featured_media":0,"comment_status":"closed","ping_status":"closed","sticky":false,"template":"","format":"standard","meta":{"footnotes":""},"categories":[1,19],"tags":[],"class_list":["post-16006","post","type-post","status-publish","format-standard","hentry","category-general","category-general-es"],"_links":{"self":[{"href":"https:\/\/comtal.org\/es\/wp-json\/wp\/v2\/posts\/16006","targetHints":{"allow":["GET"]}}],"collection":[{"href":"https:\/\/comtal.org\/es\/wp-json\/wp\/v2\/posts"}],"about":[{"href":"https:\/\/comtal.org\/es\/wp-json\/wp\/v2\/types\/post"}],"author":[{"embeddable":true,"href":"https:\/\/comtal.org\/es\/wp-json\/wp\/v2\/users\/2"}],"replies":[{"embeddable":true,"href":"https:\/\/comtal.org\/es\/wp-json\/wp\/v2\/comments?post=16006"}],"version-history":[{"count":2,"href":"https:\/\/comtal.org\/es\/wp-json\/wp\/v2\/posts\/16006\/revisions"}],"predecessor-version":[{"id":16355,"href":"https:\/\/comtal.org\/es\/wp-json\/wp\/v2\/posts\/16006\/revisions\/16355"}],"wp:attachment":[{"href":"https:\/\/comtal.org\/es\/wp-json\/wp\/v2\/media?parent=16006"}],"wp:term":[{"taxonomy":"category","embeddable":true,"href":"https:\/\/comtal.org\/es\/wp-json\/wp\/v2\/categories?post=16006"},{"taxonomy":"post_tag","embeddable":true,"href":"https:\/\/comtal.org\/es\/wp-json\/wp\/v2\/tags?post=16006"}],"curies":[{"name":"wp","href":"https:\/\/api.w.org\/{rel}","templated":true}]}}