{"id":15943,"date":"2018-04-16T11:45:48","date_gmt":"2018-04-16T11:45:48","guid":{"rendered":"https:\/\/comtal.org\/?p=15943"},"modified":"2018-04-17T09:04:15","modified_gmt":"2018-04-17T09:04:15","slug":"15943","status":"publish","type":"post","link":"https:\/\/comtal.org\/es\/15943\/","title":{"rendered":"ADA PARELLADA, CONVIDADA ESPECIAL"},"content":{"rendered":"<p>Aquest mes d&#8217;abril va comen\u00e7ar de forma intensa, amb una convidada molt especial! La coneguda cuinera catalana Ada Parellada va venir a fer un taller pels joves de la\u00a0Fundaci\u00f3 Comtal que estan formant-se en hostaleria, cuina i comer\u00e7. Ens va donar una classe magistral d&#8217;experi\u00e8ncia vital, energia i actitud\u00a0explicant als joves com va comen\u00e7ar a enamorar-se de la cuina des que era molt petita, ajudant als seus pares al restaurant que tenien. I com, quan va ser gran, va decidir obrir el seu propi restaurant, el\u00a0<a class=\"profileLink\" href=\"https:\/\/www.facebook.com\/Semproniana\/?fref=mentions\" data-hovercard=\"\/ajax\/hovercard\/page.php?id=1473325889566747&amp;extragetparams=%7B%22fref%22%3A%22mentions%22%7D\" data-hovercard-prefer-more-content-show=\"1\" target=\"_blank\" rel=\"noopener\">Semproniana<\/a>, que avui en dia segueix sent un lloc d&#8217;\u00e8xit.<\/p>\n<p>Va ser molt emocionant sentir-la explicar, sense p\u00e8ls a llengua, com \u00e9s la realitat d&#8217;una cuinera que vol fer-se un lloc al m\u00f3n de l&#8217;hostaleria. L&#8217;esfor\u00e7 que requereix, la il\u00b7lusi\u00f3 que s&#8217;ha de mantenir per aconseguir fer funcionar el nou projecte. La dedicaci\u00f3, les hores, el treball impecable.<\/p>\n<p>Gr\u00e0cies pel teu suport i per fer-nos un lloc a l&#8217;agenda, Ada. Els joves van aprendre molt\u00edssim! I van viure una experi\u00e8ncia formativa i motivadora que trigaran a oblidar! Junts #ReescrivimFutur<\/p>\n<p><span class=\"responsive\"><img loading=\"lazy\" decoding=\"async\" class=\"aligncenter size-full wp-image-15944\" src=\"https:\/\/comtal.org\/wp-content\/uploads\/2018-04-03-17.56.52.jpg\" alt=\"\" width=\"2048\" height=\"2016\" \/><\/span><\/p>\n<p><span class=\"responsive\"><img loading=\"lazy\" decoding=\"async\" class=\"aligncenter size-full wp-image-15945\" src=\"https:\/\/comtal.org\/wp-content\/uploads\/IMG_20180403_174036.jpg\" alt=\"\" width=\"2048\" height=\"1150\" \/><\/span><\/p>\n<p>&nbsp;<\/p>\n","protected":false},"excerpt":{"rendered":"<p>Aquest mes d&#8217;abril va comen\u00e7ar de forma intensa, amb una convidada molt especial! La coneguda cuinera catalana Ada Parellada va venir a fer un taller pels joves de la\u00a0Fundaci\u00f3 Comtal [&hellip;]<\/p>\n","protected":false},"author":2,"featured_media":0,"comment_status":"closed","ping_status":"closed","sticky":false,"template":"","format":"standard","meta":{"footnotes":""},"categories":[1],"tags":[],"class_list":["post-15943","post","type-post","status-publish","format-standard","hentry","category-general"],"_links":{"self":[{"href":"https:\/\/comtal.org\/es\/wp-json\/wp\/v2\/posts\/15943","targetHints":{"allow":["GET"]}}],"collection":[{"href":"https:\/\/comtal.org\/es\/wp-json\/wp\/v2\/posts"}],"about":[{"href":"https:\/\/comtal.org\/es\/wp-json\/wp\/v2\/types\/post"}],"author":[{"embeddable":true,"href":"https:\/\/comtal.org\/es\/wp-json\/wp\/v2\/users\/2"}],"replies":[{"embeddable":true,"href":"https:\/\/comtal.org\/es\/wp-json\/wp\/v2\/comments?post=15943"}],"version-history":[{"count":5,"href":"https:\/\/comtal.org\/es\/wp-json\/wp\/v2\/posts\/15943\/revisions"}],"predecessor-version":[{"id":15963,"href":"https:\/\/comtal.org\/es\/wp-json\/wp\/v2\/posts\/15943\/revisions\/15963"}],"wp:attachment":[{"href":"https:\/\/comtal.org\/es\/wp-json\/wp\/v2\/media?parent=15943"}],"wp:term":[{"taxonomy":"category","embeddable":true,"href":"https:\/\/comtal.org\/es\/wp-json\/wp\/v2\/categories?post=15943"},{"taxonomy":"post_tag","embeddable":true,"href":"https:\/\/comtal.org\/es\/wp-json\/wp\/v2\/tags?post=15943"}],"curies":[{"name":"wp","href":"https:\/\/api.w.org\/{rel}","templated":true}]}}