{"id":15523,"date":"2018-02-05T15:50:33","date_gmt":"2018-02-05T15:50:33","guid":{"rendered":"https:\/\/comtal.org\/?p=15523"},"modified":"2018-02-13T10:02:29","modified_gmt":"2018-02-13T10:02:29","slug":"acte-de-tancament-de-lhora-del-conte-solidari","status":"publish","type":"post","link":"https:\/\/comtal.org\/es\/acte-de-tancament-de-lhora-del-conte-solidari\/","title":{"rendered":"ACTE DE TANCAMENT L&#8217;HORA DEL CONTE SOLIDARI"},"content":{"rendered":"<p>Els 4 Gats celebra l\u2019acte de tancament de la iniciativa <em>L\u2019hora del conte solidari. Aquesta<\/em> activitat s\u2019ha celebrat un diumenge al mes durant tot el 2017 amb motiu del seu 120\u00e8 aniversari, amb la Fundaci\u00f3 Comtal com a benefici\u00e0ria dels 2.240\u20ac recaptats.<\/p>\n<p>Durant els 12 mesos en els que s\u2019ha dut a terme <em>l\u2019hora del conte solidari, <\/em>nombroses personalitats destacades de l\u2019\u00e0mbit cultural catal\u00e0 han fet la lectura p\u00fablica d\u2019un conte o can\u00e7\u00f3 que ha marcat les seves vides. Personatges com el reconegut doctor Eduard Estivill, el cantant de Sopa de Cabra Gerard Quintana, l\u2019escriptora Empar Moliner, la periodista Imma Sust, l\u2019actriu Mariona Ribas o la popular il\u00b7lustradora, Pilar\u00edn Bay\u00e9s.<\/p>\n<div class=\"one_half\">\n<p><span class=\"responsive\"><img loading=\"lazy\" decoding=\"async\" class=\"aligncenter wp-image-15526 size-full\" src=\"https:\/\/comtal.org\/wp-content\/uploads\/Def-invitacio-e1518516018641.jpg\" alt=\"\" width=\"1166\" height=\"1608\" \/><\/span><\/div>\n<div class=\"one_half last\"><span class=\"responsive\"><img loading=\"lazy\" decoding=\"async\" class=\"aligncenter size-full wp-image-15525\" src=\"https:\/\/comtal.org\/wp-content\/uploads\/IMG_20171015_111645.jpg\" alt=\"\" width=\"2048\" height=\"1150\" \/><\/span><\/p>\n<p><span class=\"responsive\"><img loading=\"lazy\" decoding=\"async\" class=\"aligncenter size-full wp-image-15548\" src=\"https:\/\/comtal.org\/wp-content\/uploads\/2018-02-07-19.33.18.jpg\" alt=\"\" width=\"2048\" height=\"1536\" \/><\/span><\/p>\n<\/div>\n<div class=\"clear\"><\/div>\n<p>Volem agrair a l&#8217;equip de Els 4 Gats la il\u00b7lusi\u00f3, l&#8217;energia i el cor que han posat per aconseguir l&#8217;\u00e8xit d&#8217;aquesta iniciativa. Per a nosaltres ha sigut un plaer haver format part de la hist\u00f2ria d&#8217;aquest emblem\u00e0tic restaurant.<\/p>\n<p>Gr\u00e0cies de tot cor per ajudar-nos a millorar la vida dels infants i joves que m\u00e9s ho necessiten. Junts #ReescrivimFutur<\/p>\n<p><span class=\"responsive\"><img loading=\"lazy\" decoding=\"async\" class=\"aligncenter size-full wp-image-15549\" src=\"https:\/\/comtal.org\/wp-content\/uploads\/equip-Fundaci\u00f3-Comtal-i-4-Gats.jpg\" alt=\"\" width=\"2048\" height=\"1658\" srcset=\"https:\/\/comtal.org\/wp-content\/uploads\/equip-Fundaci\u00f3-Comtal-i-4-Gats.jpg 2048w, https:\/\/comtal.org\/wp-content\/uploads\/equip-Fundaci\u00f3-Comtal-i-4-Gats-300x243.jpg 300w, https:\/\/comtal.org\/wp-content\/uploads\/equip-Fundaci\u00f3-Comtal-i-4-Gats-768x622.jpg 768w, https:\/\/comtal.org\/wp-content\/uploads\/equip-Fundaci\u00f3-Comtal-i-4-Gats-1024x829.jpg 1024w, https:\/\/comtal.org\/wp-content\/uploads\/equip-Fundaci\u00f3-Comtal-i-4-Gats-159x129.jpg 159w\" sizes=\"auto, (max-width: 2048px) 100vw, 2048px\" \/><\/span><\/p>\n","protected":false},"excerpt":{"rendered":"<p>Els 4 Gats celebra l\u2019acte de tancament de la iniciativa L\u2019hora del conte solidari. Aquesta activitat s\u2019ha celebrat un diumenge al mes durant tot el 2017 amb motiu del seu [&hellip;]<\/p>\n","protected":false},"author":2,"featured_media":0,"comment_status":"closed","ping_status":"closed","sticky":false,"template":"","format":"standard","meta":{"footnotes":""},"categories":[1],"tags":[],"class_list":["post-15523","post","type-post","status-publish","format-standard","hentry","category-general"],"_links":{"self":[{"href":"https:\/\/comtal.org\/es\/wp-json\/wp\/v2\/posts\/15523","targetHints":{"allow":["GET"]}}],"collection":[{"href":"https:\/\/comtal.org\/es\/wp-json\/wp\/v2\/posts"}],"about":[{"href":"https:\/\/comtal.org\/es\/wp-json\/wp\/v2\/types\/post"}],"author":[{"embeddable":true,"href":"https:\/\/comtal.org\/es\/wp-json\/wp\/v2\/users\/2"}],"replies":[{"embeddable":true,"href":"https:\/\/comtal.org\/es\/wp-json\/wp\/v2\/comments?post=15523"}],"version-history":[{"count":5,"href":"https:\/\/comtal.org\/es\/wp-json\/wp\/v2\/posts\/15523\/revisions"}],"predecessor-version":[{"id":15555,"href":"https:\/\/comtal.org\/es\/wp-json\/wp\/v2\/posts\/15523\/revisions\/15555"}],"wp:attachment":[{"href":"https:\/\/comtal.org\/es\/wp-json\/wp\/v2\/media?parent=15523"}],"wp:term":[{"taxonomy":"category","embeddable":true,"href":"https:\/\/comtal.org\/es\/wp-json\/wp\/v2\/categories?post=15523"},{"taxonomy":"post_tag","embeddable":true,"href":"https:\/\/comtal.org\/es\/wp-json\/wp\/v2\/tags?post=15523"}],"curies":[{"name":"wp","href":"https:\/\/api.w.org\/{rel}","templated":true}]}}