{"id":15495,"date":"2018-01-29T17:36:03","date_gmt":"2018-01-29T17:36:03","guid":{"rendered":"https:\/\/comtal.org\/?p=15495"},"modified":"2018-02-28T14:54:11","modified_gmt":"2018-02-28T14:54:11","slug":"ens-seleccionen-per-formar-part-de-b-value","status":"publish","type":"post","link":"https:\/\/comtal.org\/es\/ens-seleccionen-per-formar-part-de-b-value\/","title":{"rendered":"ENS SELECCIONEN PER FORMAR PART DE B-VALUE!"},"content":{"rendered":"<p>40 entitats socials de tot Espanya, entre les quals Fundaci\u00f3 Comtal, hem estat les escollides per participar en la segona edici\u00f3 de B-Value, el programa d&#8217;innovaci\u00f3 social que impulsa Banc Sabadell juntament amb Ship2B, i que enguany compte com a partners estrat\u00e8gics la Fundaci\u00f3 PwC i AfterhsareTV.<\/p>\n<p>Un total de 70 entitats de 9 comunitats aut\u00f2nomes vam presentar, al llarg dels mesos de novembre i desembre, la seva candidatura al programa.\u00a0Els criteris pels quals ens van seleccionar van girar entorn aspectes clau com l&#8217;impacte social (grau de transformaci\u00f3 potencial de la iniciativa), la innovaci\u00f3 (aportaci\u00f3 de noves solucions m\u00e9s eficients a una determinada problem\u00e0tica), la autosostenibilitat del projecte (tenir la vocaci\u00f3 i la convicci\u00f3 de ser sostenible econ\u00f2micament amb l&#8217;objectiu de garantir la seva continu\u00eftat en el temps) i l&#8217;equip emprenedor (la traject\u00f2ria de l&#8217;entitat i les capacitats i habilitats de l&#8217;equip impulsor).<\/p>\n<p>El passat dijous 25 de gener es va iniciar la primera fase de B-Value on cadascuna de les entitats rebrem formaci\u00f3 en l\u00ednia sobre innovaci\u00f3 social, metodologia per al desenvolupament i an\u00e0lisi del projecte. Tamb\u00e9 farem workshops que abastaran les diferents tem\u00e0tiques rellevants i que ens permetran rebre feedback i interactuar entre nosaltres i amb experts. Aquesta primera fase permetr\u00e0 concretar la proposta amb la que treballarem durant els seg\u00fcents mesos per posar-la en marxa i testejar els models.<\/p>\n<p>Les entitats seleccionades s\u00f3n:<\/p>\n<p>Fundacion Cadete; Fundaci\u00f3 Migra Studium; Fundaci\u00f3n Recover, Hospitales Para \u00c1frica; Abrazo Cultural; Fundaci\u00f3 Lud\u00e0lia; Woman in Movement; Asociaci\u00f3n Yuna; Asociaci\u00f3n Experientia; Fundaci\u00f3n Scout Griebal; Fundaci\u00f3n Doctor Clavel; Fundaci\u00f3n Iniciativas El Gigante; Asociaci\u00f3n Danza Down; Fundaci\u00f3n Plant-For-The-Planet Espa\u00f1a; Rafiki \u00c1frica; Fundaci\u00f3n Real Dreams; Fundaci\u00f3 Privada Catalana Comtal; Fundaci\u00f3n Esplai \u2013 Ciudadan\u00eda Comprometida; Woman Forward; Exponential Solidarity; Itwillbe; Associaci\u00f3 Escola-Entorn, Educant En Societat; Associaci\u00f3 D\u2019Intervencions Assistides Amb Gossos Itacan; M\u00fasica En Vena; Fundaci\u00f3n A La Par; Fundaci\u00f3n Agust\u00edn Serrate; Calala Fondo De Mujeres; Fundaci\u00f3n S\u00edndrome De Down De Madrid; Fundaci\u00f3 Nen D\u00e9u; Federaci\u00f3n Provincial De Asociaciones De Personas Con Discapacidad F\u00edsica Y Org\u00e1nica De C\u00f3rdoba (Fepamic); Gasol Foundation; Fundaci\u00f3n Alentia; Fundaci\u00f3n Social District; Fundaci\u00f3 La Roda D\u2019Accions Culturals I Del Lleure; Fundaci\u00f3n Juan XXIII Roncalli; Fundaci\u00f3n Wassu; Asociaci\u00f3n En La \u00daltima Fila Por La Equidad Educativa; La Rueca Asociaci\u00f3n Social Y Cultural; Cuida La Vida: Associaci\u00f3 De Facilitadores Pel Benestar; Fundaci\u00f3 Catalana S\u00edndrome De Down; Aires (Asociaci\u00f3n Para La Inclusi\u00f3n Residencial Y Social).<\/p>\n","protected":false},"excerpt":{"rendered":"<p>40 entitats socials de tot Espanya, entre les quals Fundaci\u00f3 Comtal, hem estat les escollides per participar en la segona edici\u00f3 de B-Value, el programa d&#8217;innovaci\u00f3 social que impulsa Banc [&hellip;]<\/p>\n","protected":false},"author":2,"featured_media":0,"comment_status":"closed","ping_status":"closed","sticky":false,"template":"","format":"standard","meta":{"footnotes":""},"categories":[15,3,1,11],"tags":[],"class_list":["post-15495","post","type-post","status-publish","format-standard","hentry","category-collaboradors","category-fundaciocomtal","category-general","category-integracio"],"_links":{"self":[{"href":"https:\/\/comtal.org\/es\/wp-json\/wp\/v2\/posts\/15495","targetHints":{"allow":["GET"]}}],"collection":[{"href":"https:\/\/comtal.org\/es\/wp-json\/wp\/v2\/posts"}],"about":[{"href":"https:\/\/comtal.org\/es\/wp-json\/wp\/v2\/types\/post"}],"author":[{"embeddable":true,"href":"https:\/\/comtal.org\/es\/wp-json\/wp\/v2\/users\/2"}],"replies":[{"embeddable":true,"href":"https:\/\/comtal.org\/es\/wp-json\/wp\/v2\/comments?post=15495"}],"version-history":[{"count":3,"href":"https:\/\/comtal.org\/es\/wp-json\/wp\/v2\/posts\/15495\/revisions"}],"predecessor-version":[{"id":15667,"href":"https:\/\/comtal.org\/es\/wp-json\/wp\/v2\/posts\/15495\/revisions\/15667"}],"wp:attachment":[{"href":"https:\/\/comtal.org\/es\/wp-json\/wp\/v2\/media?parent=15495"}],"wp:term":[{"taxonomy":"category","embeddable":true,"href":"https:\/\/comtal.org\/es\/wp-json\/wp\/v2\/categories?post=15495"},{"taxonomy":"post_tag","embeddable":true,"href":"https:\/\/comtal.org\/es\/wp-json\/wp\/v2\/tags?post=15495"}],"curies":[{"name":"wp","href":"https:\/\/api.w.org\/{rel}","templated":true}]}}