{"id":15486,"date":"2018-01-29T17:13:56","date_gmt":"2018-01-29T17:13:56","guid":{"rendered":"https:\/\/comtal.org\/?p=15486"},"modified":"2018-02-28T14:56:52","modified_gmt":"2018-02-28T14:56:52","slug":"acte-de-signatura-dels-convenis-pfi-2017-2018","status":"publish","type":"post","link":"https:\/\/comtal.org\/es\/acte-de-signatura-dels-convenis-pfi-2017-2018\/","title":{"rendered":"ACTE DE SIGNATURA DELS CONVENIS PFI 2017-2018"},"content":{"rendered":"<p>El 19 de gener de 2018 al sal\u00f3 de cr\u00f2niques de l\u2019Ajuntament de Barcelona, es va formalitzar la relaci\u00f3 de col\u00b7laboraci\u00f3 entre la Fundaci\u00f3 BCN Formaci\u00f3 Professional i l\u2019Ajuntament de Barcelona amb els 15 centres educatius i entitats socials de la ciutat, entre les quals est\u00e0 la Fundaci\u00f3 Comtal.<\/p>\n<p>Els centres i les entitats socials s\u00f3n els encarregats d&#8217;impartir els vint-i-dos Programes de Formaci\u00f3 i Inserci\u00f3 (PFI) cofinan\u00e7ats per l\u2019Ajuntament de Barcelona, en el marc del\u00a0<a href=\"http:\/\/www.fundaciobcnfp.cat\/index.php\/ca\/projectes\/429-pqpi\" target=\"_blank\" rel=\"noopener\">Pla 16-19\u00a0<\/a>i d\u2019acord amb la mesura de govern \u00abImpuls al projecte educatiu de ciutat\u00bb. Aquesta mesura pret\u00e9n fer de Barcelona una capital de la innovaci\u00f3 pedag\u00f2gica, i va ser aprovada al febrer del 2016 per la Comissi\u00f3 de Drets Socials, Cultura i Esports.<\/p>\n<p>L\u2019acte va estar presidit per la tinenta d\u2019alcaldia de Drets Socials, Laia Ortiz, el comissionat d\u2019Educaci\u00f3 i Universitat de l\u2019Ajuntament de Barcelona, Miquel \u00c0ngel Essomba, i el vicepresident de la Fundaci\u00f3 BCN Formaci\u00f3 Professional, Pere F\u00e0bregues.<\/p>\n<p>A la Fundaci\u00f3 Comtal continuem apostant per millorar l\u2019\u00e8xit educatiu dels i les joves de 16 a 21 anys que no han graduat en l\u2019ESO i treballem juntament amb l&#8217;Ajuntament i les entitats socials en una estrat\u00e8gia comuna i compartida per l\u2019equitat educativa i la millora d\u2019oportunitats dels joves a fi i efecte d\u2019aconseguir que l\u2019educaci\u00f3 sigui un dret per a tothom al llarg de la vida.<\/p>\n<p><span class=\"responsive\"><img loading=\"lazy\" decoding=\"async\" class=\"aligncenter size-full wp-image-15489\" src=\"https:\/\/comtal.org\/wp-content\/uploads\/salo-croniques-web.jpg\" alt=\"\" width=\"1024\" height=\"684\" srcset=\"https:\/\/comtal.org\/wp-content\/uploads\/salo-croniques-web.jpg 1024w, https:\/\/comtal.org\/wp-content\/uploads\/salo-croniques-web-300x200.jpg 300w, https:\/\/comtal.org\/wp-content\/uploads\/salo-croniques-web-768x513.jpg 768w, https:\/\/comtal.org\/wp-content\/uploads\/salo-croniques-web-188x126.jpg 188w\" sizes=\"auto, (max-width: 1024px) 100vw, 1024px\" \/><\/span><\/p>\n","protected":false},"excerpt":{"rendered":"<p>El 19 de gener de 2018 al sal\u00f3 de cr\u00f2niques de l\u2019Ajuntament de Barcelona, es va formalitzar la relaci\u00f3 de col\u00b7laboraci\u00f3 entre la Fundaci\u00f3 BCN Formaci\u00f3 Professional i l\u2019Ajuntament de [&hellip;]<\/p>\n","protected":false},"author":2,"featured_media":15488,"comment_status":"closed","ping_status":"closed","sticky":false,"template":"","format":"standard","meta":{"footnotes":""},"categories":[15,12,10,3,1],"tags":[],"class_list":["post-15486","post","type-post","status-publish","format-standard","has-post-thumbnail","hentry","category-collaboradors","category-comunitat","category-educacio","category-fundaciocomtal","category-general"],"_links":{"self":[{"href":"https:\/\/comtal.org\/es\/wp-json\/wp\/v2\/posts\/15486","targetHints":{"allow":["GET"]}}],"collection":[{"href":"https:\/\/comtal.org\/es\/wp-json\/wp\/v2\/posts"}],"about":[{"href":"https:\/\/comtal.org\/es\/wp-json\/wp\/v2\/types\/post"}],"author":[{"embeddable":true,"href":"https:\/\/comtal.org\/es\/wp-json\/wp\/v2\/users\/2"}],"replies":[{"embeddable":true,"href":"https:\/\/comtal.org\/es\/wp-json\/wp\/v2\/comments?post=15486"}],"version-history":[{"count":5,"href":"https:\/\/comtal.org\/es\/wp-json\/wp\/v2\/posts\/15486\/revisions"}],"predecessor-version":[{"id":15668,"href":"https:\/\/comtal.org\/es\/wp-json\/wp\/v2\/posts\/15486\/revisions\/15668"}],"wp:featuredmedia":[{"embeddable":true,"href":"https:\/\/comtal.org\/es\/wp-json\/wp\/v2\/media\/15488"}],"wp:attachment":[{"href":"https:\/\/comtal.org\/es\/wp-json\/wp\/v2\/media?parent=15486"}],"wp:term":[{"taxonomy":"category","embeddable":true,"href":"https:\/\/comtal.org\/es\/wp-json\/wp\/v2\/categories?post=15486"},{"taxonomy":"post_tag","embeddable":true,"href":"https:\/\/comtal.org\/es\/wp-json\/wp\/v2\/tags?post=15486"}],"curies":[{"name":"wp","href":"https:\/\/api.w.org\/{rel}","templated":true}]}}