{"id":15469,"date":"2018-01-22T12:45:30","date_gmt":"2018-01-22T12:45:30","guid":{"rendered":"https:\/\/comtal.org\/?p=15469"},"modified":"2018-01-22T14:33:08","modified_gmt":"2018-01-22T14:33:08","slug":"cuidem-nos-tallers-de-nutricio-i-familia","status":"publish","type":"post","link":"https:\/\/comtal.org\/es\/cuidem-nos-tallers-de-nutricio-i-familia\/","title":{"rendered":"CUIDEM-NOS! TALLERS DE NUTRICI\u00d3 I FAMILIA"},"content":{"rendered":"<p>Aquest 2018 la Xarxa de cures d\u2019ahir i avui continua teixint complicitats amb les ve\u00efnes i entitats del barri de Sant Pere, Santa Caterina i la Ribera.\u00a0\u00c9s en aquest marc que divendres 19 de gener a la tarda les mares del Centre Obert Tria van participat al taller \u00abNutrici\u00f3 i familia\u00bb dinamitzat per Mesclad\u00eds i Sindillar dins el projecte Art i Part.\u00a0Juntes vam compartir com ens sentim al\u00a0cuidar, nodrir, cuinar, menjar i tot el que comporta. I vam parlar de qu\u00e8 pensem i amb qu\u00e8 ens sentim m\u00e9s c\u00f2modes i alegres. Despr\u00e9s, i de forma conjunta amb els infants, vam preparar unes delicioses breues marroquines de fruita.<\/p>\n<p>Els tallers de les accions amb cura s&#8217;emmarquen dintre d&#8217;un projecte art\u00edstic i de reflexi\u00f3 social i comunit\u00e0ria.<\/p>\n<p><strong>Cuidem-nos!<\/strong><\/p>\n<p><span class=\"responsive\"><img loading=\"lazy\" decoding=\"async\" class=\"aligncenter size-full wp-image-15471\" src=\"https:\/\/comtal.org\/wp-content\/uploads\/Art-i-Part.jpg\" alt=\"\" width=\"503\" height=\"377\" srcset=\"https:\/\/comtal.org\/wp-content\/uploads\/Art-i-Part.jpg 503w, https:\/\/comtal.org\/wp-content\/uploads\/Art-i-Part-300x225.jpg 300w, https:\/\/comtal.org\/wp-content\/uploads\/Art-i-Part-172x129.jpg 172w\" sizes=\"auto, (max-width: 503px) 100vw, 503px\" \/><\/span><\/p>\n","protected":false},"excerpt":{"rendered":"<p>Aquest 2018 la Xarxa de cures d\u2019ahir i avui continua teixint complicitats amb les ve\u00efnes i entitats del barri de Sant Pere, Santa Caterina i la Ribera.\u00a0\u00c9s en aquest marc [&hellip;]<\/p>\n","protected":false},"author":2,"featured_media":15475,"comment_status":"closed","ping_status":"closed","sticky":false,"template":"","format":"standard","meta":{"footnotes":""},"categories":[15,12,3,1,11,4],"tags":[16,8,6,7,13],"class_list":["post-15469","post","type-post","status-publish","format-standard","has-post-thumbnail","hentry","category-collaboradors","category-comunitat","category-fundaciocomtal","category-general","category-integracio","category-tallers","tag-families","tag-futur","tag-igualtat","tag-oportunitats","tag-participacio"],"_links":{"self":[{"href":"https:\/\/comtal.org\/es\/wp-json\/wp\/v2\/posts\/15469","targetHints":{"allow":["GET"]}}],"collection":[{"href":"https:\/\/comtal.org\/es\/wp-json\/wp\/v2\/posts"}],"about":[{"href":"https:\/\/comtal.org\/es\/wp-json\/wp\/v2\/types\/post"}],"author":[{"embeddable":true,"href":"https:\/\/comtal.org\/es\/wp-json\/wp\/v2\/users\/2"}],"replies":[{"embeddable":true,"href":"https:\/\/comtal.org\/es\/wp-json\/wp\/v2\/comments?post=15469"}],"version-history":[{"count":5,"href":"https:\/\/comtal.org\/es\/wp-json\/wp\/v2\/posts\/15469\/revisions"}],"predecessor-version":[{"id":15480,"href":"https:\/\/comtal.org\/es\/wp-json\/wp\/v2\/posts\/15469\/revisions\/15480"}],"wp:featuredmedia":[{"embeddable":true,"href":"https:\/\/comtal.org\/es\/wp-json\/wp\/v2\/media\/15475"}],"wp:attachment":[{"href":"https:\/\/comtal.org\/es\/wp-json\/wp\/v2\/media?parent=15469"}],"wp:term":[{"taxonomy":"category","embeddable":true,"href":"https:\/\/comtal.org\/es\/wp-json\/wp\/v2\/categories?post=15469"},{"taxonomy":"post_tag","embeddable":true,"href":"https:\/\/comtal.org\/es\/wp-json\/wp\/v2\/tags?post=15469"}],"curies":[{"name":"wp","href":"https:\/\/api.w.org\/{rel}","templated":true}]}}