{"id":15442,"date":"2018-01-12T13:02:14","date_gmt":"2018-01-12T13:02:14","guid":{"rendered":"https:\/\/comtal.org\/?p=15442"},"modified":"2018-01-15T17:09:46","modified_gmt":"2018-01-15T17:09:46","slug":"somriures-de-nadal","status":"publish","type":"post","link":"https:\/\/comtal.org\/es\/somriures-de-nadal\/","title":{"rendered":"SOMRIURES VISCUTS AQUEST NADAL"},"content":{"rendered":"<p><strong>Comencem l&#8217;any nou plens d&#8217;il\u00b7lusi\u00f3<\/strong>, amb les piles carregades, i amb <strong>ganes de compartir els somriures viscuts aquest Nadal, gr\u00e0cies a la implicaci\u00f3 de moltes i moltes persones<\/strong>.<\/p>\n<p>Amb els <strong>infants i joves del CRAE<\/strong> vam poder celebrar, un any m\u00e9s, les <strong>col\u00f2nies d&#8217;hivern<\/strong>. Aquest cop a la neu.\u00a0El dia 3 de gener vam sortir direcci\u00f3 l\u2019<strong>estaci\u00f3 d\u2019esqu<\/strong>\u00ed de Port del Compte, amb unes ganes incre\u00efbles de passar el mat\u00ed a la pista de trineus. Durant una hora i mitja vam <strong>gaudir de la neu<\/strong> i, a\u00a0la tarda, encara ens va quedar energia per fer una <strong>excursi\u00f3 a l\u2019embassament de la Llossa del Cavall.<\/strong>\u00a0El dia seg\u00fcent vam fer una <strong>caminada fins al naixement del Riu Cardener,<\/strong> i quan va caure la tarda vam<strong> baixar cap a la ciutat<\/strong>.<\/p>\n<p>El mateix dia, i entre l&#8217;expectaci\u00f3 de petits i grans del Tria, <strong>el patge Xiu Xiu va arribar a la Fundaci\u00f3<\/strong>. Els infants i joves el van rebre, entre can\u00e7\u00f3 i can\u00e7\u00f3, i van anar <strong>obrint els regals que portava des de Orien<\/strong>t. Va ser una tarda plena de nervis, emoci\u00f3 i agra\u00efment.<\/p>\n<p>Per\u00f2 aquests no van ser els \u00fanics somriures de Nadal. Abans d&#8217;acomiadar-nos del 2017, petits i grans vam <strong>celebrar tamb\u00e9 el ti\u00f3, els dinars de germanor i les sortides al cinema i l&#8217;skating<\/strong>, <strong>gr\u00e0cies a la solidaritat de tantes i tantes persones, empreses, escoles i organitzacions que s&#8217;impliquen per fer realitat els somnis de Nadal.<\/strong><\/p>\n<p>Durant els propers mesos continuarem dibuixant somriures i fent realitat activitats amb els diferents grups d&#8217;edat: anirem al chiquipark, al bowling, &#8230;<\/p>\n<p><strong>Gr\u00e0cies per sumar, i per ajudar-nos a dibuixar un futur ple d\u2019oportunitats a<\/strong>:<\/p>\n<div class=\"one_half\">\n<p><span style=\"color: #ff9900;\">Associaci\u00f3 de Voluntaris de \u00abla Caixa\u00bb<\/span><\/p>\n<p><span style=\"color: #ff9900;\">Fundaci\u00f3n Tragaluz Ni\u00f1os del Mundo<\/span><\/p>\n<p><span style=\"color: #ff9900;\">La Salle Palam\u00f3s<\/span><\/p>\n<p><span style=\"color: #ff9900;\">Real Dreams<\/span><\/p>\n<p><span style=\"color: #ff9900;\">La Salle Comtal<\/span><\/p>\n<p><span style=\"color: #ff9900;\">Finestra Oberta<\/span><\/p>\n<p><span style=\"color: #ff9900;\">La Salle Bonanova<\/span><\/p>\n<p><span style=\"color: #ff9900;\">La Salle Congr\u00e9s<\/span><\/p>\n<p><span style=\"color: #ff9900;\">Ampa Salle Premi\u00e0<\/span><\/p>\n<\/div>\n<div class=\"one_half last\">\n<p><span style=\"color: #ff9900;\">La Salle Premi\u00e0<\/span><\/p>\n<p><span style=\"color: #ff9900;\">La Salle Montcada<\/span><\/p>\n<p><span style=\"color: #ff9900;\">La Salle Mollerussa<\/span><\/p>\n<p><span style=\"color: #ff9900;\">OAK House<\/span><\/p>\n<p><span style=\"color: #ff9900;\">Almasanta<\/span><\/p>\n<p><span style=\"color: #ff9900;\">La Salle Gracia<\/span><\/p>\n<p><span style=\"color: #ff9900;\">Fundaci\u00f3 FCB<\/span><\/p>\n<p><span style=\"color: #ff9900;\">Fundaci\u00f3 Manuel Lao<\/span><\/p>\n<p><span style=\"color: #ff9900;\">La Salle Manresa<\/span><\/p>\n<\/div>\n<div class=\"clear\"><\/div>\n<p><strong>No et perdis l&#8217;\u00e0lbum de fotos. <span style=\"color: #3366ff;\"><a style=\"color: #3366ff;\" href=\"https:\/\/www.flickr.com\/photos\/campanyatriaespai_fundaciocomtal\/albums\/72157692144435605\" target=\"_blank\" rel=\"noopener\">Fes clic aqu\u00ed<\/a><\/span><\/strong><\/p>\n","protected":false},"excerpt":{"rendered":"<p>Comencem l&#8217;any nou plens d&#8217;il\u00b7lusi\u00f3, amb les piles carregades, i amb ganes de compartir els somriures viscuts aquest Nadal, gr\u00e0cies a la implicaci\u00f3 de moltes i moltes persones. Amb els [&hellip;]<\/p>\n","protected":false},"author":2,"featured_media":15455,"comment_status":"closed","ping_status":"closed","sticky":false,"template":"","format":"standard","meta":{"footnotes":""},"categories":[15,12,3,1,17,5],"tags":[8,6,7,13],"class_list":["post-15442","post","type-post","status-publish","format-standard","has-post-thumbnail","hentry","category-collaboradors","category-comunitat","category-fundaciocomtal","category-general","category-nadal","category-solidaritat","tag-futur","tag-igualtat","tag-oportunitats","tag-participacio"],"_links":{"self":[{"href":"https:\/\/comtal.org\/es\/wp-json\/wp\/v2\/posts\/15442","targetHints":{"allow":["GET"]}}],"collection":[{"href":"https:\/\/comtal.org\/es\/wp-json\/wp\/v2\/posts"}],"about":[{"href":"https:\/\/comtal.org\/es\/wp-json\/wp\/v2\/types\/post"}],"author":[{"embeddable":true,"href":"https:\/\/comtal.org\/es\/wp-json\/wp\/v2\/users\/2"}],"replies":[{"embeddable":true,"href":"https:\/\/comtal.org\/es\/wp-json\/wp\/v2\/comments?post=15442"}],"version-history":[{"count":5,"href":"https:\/\/comtal.org\/es\/wp-json\/wp\/v2\/posts\/15442\/revisions"}],"predecessor-version":[{"id":15462,"href":"https:\/\/comtal.org\/es\/wp-json\/wp\/v2\/posts\/15442\/revisions\/15462"}],"wp:featuredmedia":[{"embeddable":true,"href":"https:\/\/comtal.org\/es\/wp-json\/wp\/v2\/media\/15455"}],"wp:attachment":[{"href":"https:\/\/comtal.org\/es\/wp-json\/wp\/v2\/media?parent=15442"}],"wp:term":[{"taxonomy":"category","embeddable":true,"href":"https:\/\/comtal.org\/es\/wp-json\/wp\/v2\/categories?post=15442"},{"taxonomy":"post_tag","embeddable":true,"href":"https:\/\/comtal.org\/es\/wp-json\/wp\/v2\/tags?post=15442"}],"curies":[{"name":"wp","href":"https:\/\/api.w.org\/{rel}","templated":true}]}}