{"id":15434,"date":"2017-12-27T10:58:22","date_gmt":"2017-12-27T10:58:22","guid":{"rendered":"https:\/\/comtal.org\/?p=15434"},"modified":"2018-01-15T15:39:22","modified_gmt":"2018-01-15T15:39:22","slug":"festa-10e-aniversari-crae-la-salle","status":"publish","type":"post","link":"https:\/\/comtal.org\/es\/festa-10e-aniversari-crae-la-salle\/","title":{"rendered":"CELEBREM EL 10\u00e8 ANIVERSARI DEL CRAE LA SALLE"},"content":{"rendered":"<p>El passat dijous 21 de desembre vam celebrar els 10 anys del naixement del CRAE La Salle. Un projecte impulsat amb il\u00b7lusi\u00f3 per donar resposta a les necessitats dels infants i adolescents que es troben en situaci\u00f3 de desemparament.<\/p>\n<p>Vam convidar a totes les persones que, d\u2019una manera o una altra, han participat d\u2019aquest viatge; infants i adolescents que han viscut al centre, educadors\/es que han format part de l\u2019equip que ha fet cr\u00e9ixer el CRAE,\u00a0 voluntaris\/es, Patronat, treballadors actuals de la Fundaci\u00f3&#8230; En fi, vam convidar a totes aquelles persones, que en algun moment, van decidir que valia la pena participar d\u2019aquesta experi\u00e8ncia i van posar\u00a0l\u2019energia necess\u00e0ria per tirar-ho endavant.<\/p>\n<p>Juntament amb l\u2019equip educatiu, els infants i adolescents que viuen actualment al centre van preparar un v\u00eddeo amb el resum d&#8217;aquests 10 anys. Experi\u00e8ncies compartides, records intensos i moments emotius.<\/p>\n<p>Va ser un dia de retrobaments, un dia per recordar-nos que tot aix\u00f2 ha valgut la pena, que la il\u00b7lusi\u00f3 amb la que va comen\u00e7ar el projecte es mant\u00e9 intacta i que seguim amb ganes de dedicar els nostres esfor\u00e7os a tots aquells infants i adolescents que en algun moment del seu cam\u00ed ens necessiten.<\/p>\n<p>Moltes gr\u00e0cies a totes aquelles persones que heu cregut en aquest projecte i que l\u2019heu fet possible!!<\/p>\n<p><span class=\"responsive\"><img loading=\"lazy\" decoding=\"async\" class=\"aligncenter size-full wp-image-15437\" src=\"https:\/\/comtal.org\/wp-content\/uploads\/IMG_0778.jpg\" alt=\"\" width=\"2048\" height=\"1536\" \/><\/span><\/p>\n<p>&nbsp;<\/p>\n","protected":false},"excerpt":{"rendered":"<p>El passat dijous 21 de desembre vam celebrar els 10 anys del naixement del CRAE La Salle. Un projecte impulsat amb il\u00b7lusi\u00f3 per donar resposta a les necessitats dels infants [&hellip;]<\/p>\n","protected":false},"author":2,"featured_media":0,"comment_status":"closed","ping_status":"closed","sticky":false,"template":"","format":"standard","meta":{"footnotes":""},"categories":[3,37,5],"tags":[16,8,6,7],"class_list":["post-15434","post","type-post","status-publish","format-standard","hentry","category-fundaciocomtal","category-la-salle","category-solidaritat","tag-families","tag-futur","tag-igualtat","tag-oportunitats"],"_links":{"self":[{"href":"https:\/\/comtal.org\/es\/wp-json\/wp\/v2\/posts\/15434","targetHints":{"allow":["GET"]}}],"collection":[{"href":"https:\/\/comtal.org\/es\/wp-json\/wp\/v2\/posts"}],"about":[{"href":"https:\/\/comtal.org\/es\/wp-json\/wp\/v2\/types\/post"}],"author":[{"embeddable":true,"href":"https:\/\/comtal.org\/es\/wp-json\/wp\/v2\/users\/2"}],"replies":[{"embeddable":true,"href":"https:\/\/comtal.org\/es\/wp-json\/wp\/v2\/comments?post=15434"}],"version-history":[{"count":5,"href":"https:\/\/comtal.org\/es\/wp-json\/wp\/v2\/posts\/15434\/revisions"}],"predecessor-version":[{"id":15450,"href":"https:\/\/comtal.org\/es\/wp-json\/wp\/v2\/posts\/15434\/revisions\/15450"}],"wp:attachment":[{"href":"https:\/\/comtal.org\/es\/wp-json\/wp\/v2\/media?parent=15434"}],"wp:term":[{"taxonomy":"category","embeddable":true,"href":"https:\/\/comtal.org\/es\/wp-json\/wp\/v2\/categories?post=15434"},{"taxonomy":"post_tag","embeddable":true,"href":"https:\/\/comtal.org\/es\/wp-json\/wp\/v2\/tags?post=15434"}],"curies":[{"name":"wp","href":"https:\/\/api.w.org\/{rel}","templated":true}]}}