{"id":15257,"date":"2017-09-23T14:19:04","date_gmt":"2017-09-23T14:19:04","guid":{"rendered":"https:\/\/comtal.org\/?p=15257"},"modified":"2017-10-02T15:00:24","modified_gmt":"2017-10-02T15:00:24","slug":"recordamos-un-verano-inolvidable","status":"publish","type":"post","link":"https:\/\/comtal.org\/es\/recordamos-un-verano-inolvidable\/","title":{"rendered":"RECORDAMOS UN VERANO INOLVIDABLE"},"content":{"rendered":"<p>Un a\u00f1o m\u00e1s, queremos mostraros c\u00f3mo hemos disfrutado del verano en la Fundaci\u00f3 Comtal. Hemos hecho tantas cosas que no caben en una sola noticia, pero intentaremos resumirlo.<\/p>\n<p>Todo empieza con monitores, educadores y voluntarios y voluntarias yendo de un lado a otros, prepar\u00e1ndolo todo porque los ni\u00f1os y j\u00f3venes de Casco Antiguo de Barcelona pasen un verano inmejorable.<\/p>\n<p>Casales, colonias, campamentos y la celebraci\u00f3n de un campus tecnol\u00f3gico que les ha encantado, han sido las actividades estrella durante las vacaciones. M\u00e1s de 150 ni\u00f1os y j\u00f3venes vulnerables han disfrutado del sol, del mar, de los juegos y de la naturaleza con los amigos y amigas. Los m\u00e1s tecnol\u00f3gicos han aprendido conceptos b\u00e1sicos sobre rob\u00f3tica, programaci\u00f3n y 3D<\/p>\n<p>Un a\u00f1o m\u00e1s <strong>hemos compartido experiencias, alegr\u00edas, ilusiones y, sobre todo, hemos conseguido dar a los ni\u00f1os y j\u00f3venes una alternativa de ocio saludable, favorecer y reforzar su aprendizaje<\/strong>.<\/p>\n<p>Porque m\u00e1s all\u00e1 de tener cubiertas las necesidades b\u00e1sicas, los ni\u00f1os y j\u00f3venes que atendemos necesitan atenci\u00f3n personalizada, acompa\u00f1amiento constante y alimentar su esp\u00edritu con todo aquellos que les pueda ayudar a crecer.\u00a0Por eso, organizamos todo tipo de excursiones, salidas y actividades a trav\u00e9s de los diferentes programas.<\/p>\n<p>Como siempre, GRACIAS a todos los voluntarios y colaboradores para hacer posible, a\u00f1o tras a\u00f1o que todo esto sea una realidad. Sin vosotros no habr\u00eda verano en la Fundaci\u00f3n Comtal.<\/p>\n<p>\u00a1Entrad en la<strong><span style=\"color: #ff9900;\"><a href=\"https:\/\/www.instagram.com\/fundaciocomtal\/\" target=\"_blank\" rel=\"noopener\"> cuenta de Instagram<\/a><\/span><\/strong> y descubrid todo lo que hemos vivido con los ni\u00f1os, j\u00f3venes y familias en un verano inolvidable!<\/p>\n","protected":false},"excerpt":{"rendered":"<p>Un a\u00f1o m\u00e1s, queremos mostraros c\u00f3mo hemos disfrutado del verano en la Fundaci\u00f3 Comtal. Hemos hecho tantas cosas que no caben en una sola noticia, pero intentaremos resumirlo. Todo empieza [&hellip;]<\/p>\n","protected":false},"author":2,"featured_media":15262,"comment_status":"closed","ping_status":"closed","sticky":false,"template":"","format":"standard","meta":{"footnotes":""},"categories":[23,25,19,26,28],"tags":[],"class_list":["post-15257","post","type-post","status-publish","format-standard","has-post-thumbnail","hentry","category-comunidad","category-fundacioncomtal","category-general-es","category-integracion","category-solidaridad"],"_links":{"self":[{"href":"https:\/\/comtal.org\/es\/wp-json\/wp\/v2\/posts\/15257","targetHints":{"allow":["GET"]}}],"collection":[{"href":"https:\/\/comtal.org\/es\/wp-json\/wp\/v2\/posts"}],"about":[{"href":"https:\/\/comtal.org\/es\/wp-json\/wp\/v2\/types\/post"}],"author":[{"embeddable":true,"href":"https:\/\/comtal.org\/es\/wp-json\/wp\/v2\/users\/2"}],"replies":[{"embeddable":true,"href":"https:\/\/comtal.org\/es\/wp-json\/wp\/v2\/comments?post=15257"}],"version-history":[{"count":1,"href":"https:\/\/comtal.org\/es\/wp-json\/wp\/v2\/posts\/15257\/revisions"}],"predecessor-version":[{"id":15259,"href":"https:\/\/comtal.org\/es\/wp-json\/wp\/v2\/posts\/15257\/revisions\/15259"}],"wp:featuredmedia":[{"embeddable":true,"href":"https:\/\/comtal.org\/es\/wp-json\/wp\/v2\/media\/15262"}],"wp:attachment":[{"href":"https:\/\/comtal.org\/es\/wp-json\/wp\/v2\/media?parent=15257"}],"wp:term":[{"taxonomy":"category","embeddable":true,"href":"https:\/\/comtal.org\/es\/wp-json\/wp\/v2\/categories?post=15257"},{"taxonomy":"post_tag","embeddable":true,"href":"https:\/\/comtal.org\/es\/wp-json\/wp\/v2\/tags?post=15257"}],"curies":[{"name":"wp","href":"https:\/\/api.w.org\/{rel}","templated":true}]}}