{"id":15253,"date":"2017-09-26T14:11:59","date_gmt":"2017-09-26T14:11:59","guid":{"rendered":"https:\/\/comtal.org\/?p=15253"},"modified":"2017-10-02T14:12:47","modified_gmt":"2017-10-02T14:12:47","slug":"empezamos-el-curso-con-las-pilas-cargadas","status":"publish","type":"post","link":"https:\/\/comtal.org\/es\/empezamos-el-curso-con-las-pilas-cargadas\/","title":{"rendered":"EMPEZAMOS EL CURSO CON LAS PILAS CARGADAS"},"content":{"rendered":"<p>Ya hemos disfrutado del verano, llega el oto\u00f1o y un nuevo curso comienza en la Fundaci\u00f3n Comtal. Volvemos con las pilas cargadas, llenos de energ\u00eda y de nuevos proyectos que queremos compartir con vosotros.<\/p>\n<p>Por este motivo os invitamos al acto de inicio de curso que haremos el pr\u00f3ximo mi\u00e9rcoles, 27 de septiembre. Nos har\u00e1 mucha ilusi\u00f3n que voLuntarios y voluntarias, colaboradores y colaboradoras, veng\u00e1is para daros la bienvenida y presentaros las novedades de este curso, como los nuevos programas de formaci\u00f3n en comercio y rob\u00f3tica.<\/p>\n<p>Aprovecharemos tambi\u00e9n para presentaros la exposici\u00f3n de la Universidad Polit\u00e9cnica de la Calle que hace unas semanas montamos en el equipamiento municipal del barrio y que muestra la campa\u00f1a de sensibilizaci\u00f3n y denuncia sobre la situaci\u00f3n que viven los j\u00f3venes con dificultades que atendemos.<\/p>\n<p>\u00a1Os esperamos!<\/p>\n<p>\u00bfD\u00f3nde? En el <strong><em>Palau Al\u00f3s<\/em><\/strong>:\u00a0<strong>Calle de Sant Pere M\u00e9s Bajo , 55,<\/strong>\u00a0sal\u00f3n de actos<\/p>\n<p>\u00bfCu\u00e1ndo? El d\u00eda\u00a0<strong>27 de septiembre<\/strong>\u00a0a las 18.30h.<\/p>\n<p>Por favor, confirmad vuestra asistencia enviando un e-mail a <a href=\"mailto:voluntariat@comtal.org\">voluntariat@comtal.org<\/a> o llamando al tel\u00e9fono 93 295 46 36.<\/p>\n<p>Continuamos dando oportunidades a los que m\u00e1s lo necesitan.<\/p>\n","protected":false},"excerpt":{"rendered":"<p>Ya hemos disfrutado del verano, llega el oto\u00f1o y un nuevo curso comienza en la Fundaci\u00f3n Comtal. Volvemos con las pilas cargadas, llenos de energ\u00eda y de nuevos proyectos que [&hellip;]<\/p>\n","protected":false},"author":2,"featured_media":15255,"comment_status":"closed","ping_status":"closed","sticky":false,"template":"","format":"standard","meta":{"footnotes":""},"categories":[22,23,24,25,19,30],"tags":[],"class_list":["post-15253","post","type-post","status-publish","format-standard","has-post-thumbnail","hentry","category-colaboradores","category-comunidad","category-educacion","category-fundacioncomtal","category-general-es","category-voluntariado"],"_links":{"self":[{"href":"https:\/\/comtal.org\/es\/wp-json\/wp\/v2\/posts\/15253","targetHints":{"allow":["GET"]}}],"collection":[{"href":"https:\/\/comtal.org\/es\/wp-json\/wp\/v2\/posts"}],"about":[{"href":"https:\/\/comtal.org\/es\/wp-json\/wp\/v2\/types\/post"}],"author":[{"embeddable":true,"href":"https:\/\/comtal.org\/es\/wp-json\/wp\/v2\/users\/2"}],"replies":[{"embeddable":true,"href":"https:\/\/comtal.org\/es\/wp-json\/wp\/v2\/comments?post=15253"}],"version-history":[{"count":1,"href":"https:\/\/comtal.org\/es\/wp-json\/wp\/v2\/posts\/15253\/revisions"}],"predecessor-version":[{"id":15256,"href":"https:\/\/comtal.org\/es\/wp-json\/wp\/v2\/posts\/15253\/revisions\/15256"}],"wp:featuredmedia":[{"embeddable":true,"href":"https:\/\/comtal.org\/es\/wp-json\/wp\/v2\/media\/15255"}],"wp:attachment":[{"href":"https:\/\/comtal.org\/es\/wp-json\/wp\/v2\/media?parent=15253"}],"wp:term":[{"taxonomy":"category","embeddable":true,"href":"https:\/\/comtal.org\/es\/wp-json\/wp\/v2\/categories?post=15253"},{"taxonomy":"post_tag","embeddable":true,"href":"https:\/\/comtal.org\/es\/wp-json\/wp\/v2\/tags?post=15253"}],"curies":[{"name":"wp","href":"https:\/\/api.w.org\/{rel}","templated":true}]}}