{"id":15214,"date":"2017-09-22T12:41:46","date_gmt":"2017-09-22T12:41:46","guid":{"rendered":"https:\/\/comtal.org\/?p=15214"},"modified":"2017-09-22T13:20:41","modified_gmt":"2017-09-22T13:20:41","slug":"recordem-un-estiu-inoblidable","status":"publish","type":"post","link":"https:\/\/comtal.org\/es\/recordem-un-estiu-inoblidable\/","title":{"rendered":"RECORDEM UN ESTIU INOBLIDABLE!"},"content":{"rendered":"<p>Un any m\u00e9s, volem explicar-vos com hem gaudit de l\u2019estiu a la Fundaci\u00f3 Comtal. Hem fet tantes coses que no caben en una sola not\u00edcia, per\u00f2 intentarem resumir-ho \ud83d\ude09<\/p>\n<p>Tot comen\u00e7a amb <strong>monitors, educadors i voluntaris i volunt\u00e0ries<\/strong> anant d\u2019un costat a l\u2019altre, <strong>preparant-ho tot perqu\u00e8 els infants i joves del Casc Antic de Barcelona passin un estiu immillorable<\/strong>.<\/p>\n<p>Casals, col\u00f2nies, campaments i la celebraci\u00f3 d&#8217;un campus tecnol\u00f2gic que els hi ha encantat, han estat les activitats estrella durant les vacances. M\u00e9s de 150 infants i joves vulnerables han gaudit del sol, del mar, dels jocs i de la natura amb els amics i amigues. Els m\u00e9s tecnol\u00f2gics, han apr\u00e8s conceptes b\u00e0sics sobre rob\u00f2tica, programaci\u00f3 i 3D!<\/p>\n<p>Un any m\u00e9s <strong>hem compartit experi\u00e8ncies, alegries, il\u00b7lusions i, sobretot, hem aconseguit donar als infants i joves una alternativa d\u2019oci saludable<\/strong>, afavorir i refor\u00e7ar el seu aprenentatge.<\/p>\n<p>Perqu\u00e8 m\u00e9s enll\u00e0 de tenir cobertes les necessitats b\u00e0siques, els infants i joves que atenem necessiten atenci\u00f3 personalitzada, acompanyament constant i alimentar el seu esperit amb tot all\u00f2 que els pugui ajudar a cr\u00e9ixer.<\/p>\n<p>Per aix\u00f2 organitzem tot tipus d\u2019excursions, sortides i activitats a trav\u00e9s dels diferents programes.<\/p>\n<p>Com sempre,<strong> GR\u00c0CIES a tots els voluntaris i col\u00b7laboradors per fer possible<\/strong>, any rere any, que tot aix\u00f2 sigui una realitat. Sense vosaltres no hi hauria estiu a la Fundaci\u00f3 Comtal.<\/p>\n<p>Entreu al <span style=\"color: #ff9900;\"><strong><a href=\"https:\/\/www.instagram.com\/fundaciocomtal\/\" target=\"_blank\" rel=\"noopener\">compte d&#8217;Instagram<\/a><\/strong><\/span> i <strong>descubriu tot el que hem viscut amb infants, joves i fam\u00edlies<\/strong> en un estiu inoblidable!<\/p>\n","protected":false},"excerpt":{"rendered":"<p>Un any m\u00e9s, volem explicar-vos com hem gaudit de l\u2019estiu a la Fundaci\u00f3 Comtal. Hem fet tantes coses que no caben en una sola not\u00edcia, per\u00f2 intentarem resumir-ho \ud83d\ude09 Tot [&hellip;]<\/p>\n","protected":false},"author":2,"featured_media":15219,"comment_status":"closed","ping_status":"closed","sticky":false,"template":"","format":"standard","meta":{"footnotes":""},"categories":[15,12,10,3,1],"tags":[43,16,8,6,18,7],"class_list":["post-15214","post","type-post","status-publish","format-standard","has-post-thumbnail","hentry","category-collaboradors","category-comunitat","category-educacio","category-fundaciocomtal","category-general","tag-estiu","tag-families","tag-futur","tag-igualtat","tag-joves","tag-oportunitats"],"_links":{"self":[{"href":"https:\/\/comtal.org\/es\/wp-json\/wp\/v2\/posts\/15214","targetHints":{"allow":["GET"]}}],"collection":[{"href":"https:\/\/comtal.org\/es\/wp-json\/wp\/v2\/posts"}],"about":[{"href":"https:\/\/comtal.org\/es\/wp-json\/wp\/v2\/types\/post"}],"author":[{"embeddable":true,"href":"https:\/\/comtal.org\/es\/wp-json\/wp\/v2\/users\/2"}],"replies":[{"embeddable":true,"href":"https:\/\/comtal.org\/es\/wp-json\/wp\/v2\/comments?post=15214"}],"version-history":[{"count":2,"href":"https:\/\/comtal.org\/es\/wp-json\/wp\/v2\/posts\/15214\/revisions"}],"predecessor-version":[{"id":15225,"href":"https:\/\/comtal.org\/es\/wp-json\/wp\/v2\/posts\/15214\/revisions\/15225"}],"wp:featuredmedia":[{"embeddable":true,"href":"https:\/\/comtal.org\/es\/wp-json\/wp\/v2\/media\/15219"}],"wp:attachment":[{"href":"https:\/\/comtal.org\/es\/wp-json\/wp\/v2\/media?parent=15214"}],"wp:term":[{"taxonomy":"category","embeddable":true,"href":"https:\/\/comtal.org\/es\/wp-json\/wp\/v2\/categories?post=15214"},{"taxonomy":"post_tag","embeddable":true,"href":"https:\/\/comtal.org\/es\/wp-json\/wp\/v2\/tags?post=15214"}],"curies":[{"name":"wp","href":"https:\/\/api.w.org\/{rel}","templated":true}]}}