{"id":15049,"date":"2017-07-04T12:10:22","date_gmt":"2017-07-04T12:10:22","guid":{"rendered":"https:\/\/comtal.org\/?p=15049"},"modified":"2017-07-18T11:48:54","modified_gmt":"2017-07-18T11:48:54","slug":"a-la-fundacio-comtal-ens-vestim-de-festa","status":"publish","type":"post","link":"https:\/\/comtal.org\/es\/a-la-fundacio-comtal-ens-vestim-de-festa\/","title":{"rendered":"A LA FUNDACI\u00d3 COMTAL ENS VESTIM DE FESTA"},"content":{"rendered":"<p>Qu\u00e8 celebrem? El teu casament, la seva comuni\u00f3 o el bateig dels teus fills. No, no ens hem tornat bojos, \u00e9s que <strong>des de fa unes setmanes formem part de la ONG<\/strong> <a href=\"http:\/\/www.celebrationgmemories.com\/\" target=\"_blank\" rel=\"noopener\"><strong>CelebrationgMemories<\/strong><\/a> i volem que la conegueu.<\/p>\n<p>Es dediquen a fer <strong>invitacions, detalls i accessoris<\/strong> la mar d&#8217;<strong>originals<\/strong> <strong>per a qualsevol celebraci\u00f3<\/strong> que sigui important per a tu o per als teus i, a m\u00e9s a m\u00e9s, <strong>s\u00f3n solidaris<\/strong>. Frases <em>com \u201cNo menjarem perdius, ens menjarem el m\u00f3n\u201d,<\/em> <em>\u201cCanvio aquesta xapa per unes sabates planes\u201d<\/em> o <em>\u201cPatosa ballant, experta besant\u201d, <\/em>s\u00f3n alguns dels exemples del que fan.<\/p>\n<div class=\"one_half\"><span class=\"responsive\"><img loading=\"lazy\" decoding=\"async\" class=\"aligncenter wp-image-15061\" src=\"https:\/\/comtal.org\/wp-content\/uploads\/144007_8b405a49e46d462489474bc884774664mv2.jpg\" alt=\"\" width=\"946\" height=\"627\" \/><\/span><\/div>\n<div class=\"one_half last\"><span class=\"responsive\"><img loading=\"lazy\" decoding=\"async\" class=\"aligncenter size-full wp-image-15067\" src=\"https:\/\/comtal.org\/wp-content\/uploads\/144007_1364d213b2964151a0c00708a4520dcdmv2_d_2048_1638_s_2.jpg\" alt=\"\" width=\"770\" height=\"616\" \/><\/span><\/div>\n<div class=\"clear\"><\/div>\n<p><strong>La idea \u00e9s que tot el que<\/strong> et pensaves gastar amb els detalls de la festa i <strong>t\u2019has estalviat<\/strong> demanant-los a trav\u00e9s de <strong>CelebrationgMemories<\/strong>\u00a0<strong>ho donis a la ong <\/strong>o causa que m\u00e9s t\u2019agradi. <strong>Col\u00b7laboren<\/strong> entitats com<strong> UNICEF, ACNUR, Amnistia Internacional, MSF, Save the Children o GreenPeace,<\/strong> entre d\u2019altres.<\/p>\n<p><strong>A la Fundaci\u00f3 Comtal<\/strong> <strong>ens va encantar aquesta iniciativa i<\/strong> la persona que est\u00e0 darrere d\u2019ella m\u00e9s. \u00c9s en <strong>Mario Garc\u00eda<\/strong>, <strong>un jove incansable i ple d\u2019idees<\/strong> <strong>que des de fa 4 anys<\/strong>\u00a0combina el seu treball de dissenyador i marketing manager d\u2019una empresa de Barcelona amb la seva passi\u00f3: <strong>col\u00b7laborar amb el seu granet de sorra i ajudar als que m\u00e9s ho necessiten.<\/strong><\/p>\n<p><strong>Ja han recaptat 38.940\u20ac<\/strong> i la \u00faltima ajuda va anar destinada a la lluita conta el c\u00e0ncer. Pensem que \u00e9s una bona forma de que tots guanyin: els que celebren guanyen en originalitat, els convidats s\u2019emporten un bon record i sobretot, guanyen els que m\u00e9s ho necessiten.<\/p>\n<p><strong>Vols vestir-te de festa amb nosaltres?<\/strong><\/p>\n","protected":false},"excerpt":{"rendered":"<p>Qu\u00e8 celebrem? El teu casament, la seva comuni\u00f3 o el bateig dels teus fills. No, no ens hem tornat bojos, \u00e9s que des de fa unes setmanes formem part de [&hellip;]<\/p>\n","protected":false},"author":2,"featured_media":0,"comment_status":"closed","ping_status":"closed","sticky":false,"template":"","format":"standard","meta":{"footnotes":""},"categories":[1],"tags":[],"class_list":["post-15049","post","type-post","status-publish","format-standard","hentry","category-general"],"_links":{"self":[{"href":"https:\/\/comtal.org\/es\/wp-json\/wp\/v2\/posts\/15049","targetHints":{"allow":["GET"]}}],"collection":[{"href":"https:\/\/comtal.org\/es\/wp-json\/wp\/v2\/posts"}],"about":[{"href":"https:\/\/comtal.org\/es\/wp-json\/wp\/v2\/types\/post"}],"author":[{"embeddable":true,"href":"https:\/\/comtal.org\/es\/wp-json\/wp\/v2\/users\/2"}],"replies":[{"embeddable":true,"href":"https:\/\/comtal.org\/es\/wp-json\/wp\/v2\/comments?post=15049"}],"version-history":[{"count":5,"href":"https:\/\/comtal.org\/es\/wp-json\/wp\/v2\/posts\/15049\/revisions"}],"predecessor-version":[{"id":15176,"href":"https:\/\/comtal.org\/es\/wp-json\/wp\/v2\/posts\/15049\/revisions\/15176"}],"wp:attachment":[{"href":"https:\/\/comtal.org\/es\/wp-json\/wp\/v2\/media?parent=15049"}],"wp:term":[{"taxonomy":"category","embeddable":true,"href":"https:\/\/comtal.org\/es\/wp-json\/wp\/v2\/categories?post=15049"},{"taxonomy":"post_tag","embeddable":true,"href":"https:\/\/comtal.org\/es\/wp-json\/wp\/v2\/tags?post=15049"}],"curies":[{"name":"wp","href":"https:\/\/api.w.org\/{rel}","templated":true}]}}