{"id":14948,"date":"2017-06-26T15:41:21","date_gmt":"2017-06-26T15:41:21","guid":{"rendered":"https:\/\/comtal.org\/?p=14948"},"modified":"2017-06-27T15:50:38","modified_gmt":"2017-06-27T15:50:38","slug":"14948","status":"publish","type":"post","link":"https:\/\/comtal.org\/es\/14948\/","title":{"rendered":"CENA SOLIDARIA #REESCRIBIMOSFUTURO"},"content":{"rendered":"<p><strong>El 19 de mayo a la noche, no hagas planes, porque ya tienes uno. La Fundaci\u00f3n Comtal organizar la Cena Solidaria #ReescribimosFuturo!<\/strong><\/p>\n<p>Los alumnos del Programa de Formaci\u00f3n e Inserci\u00f3n de cocina, <strong>j\u00f3venes del barrio en riesgo de exclusi\u00f3n social, est\u00e1n preparando un men\u00fa degustaci\u00f3n con muchas ganas, y todo lo que se recoja se destinar\u00e1 a hacer posible un nuevo casal de verano para familias vulnerables.<\/strong><\/p>\n<hr \/>\n<h2>Cena Solidaria #ReescribimosFuturo. 19 de mayo<\/h2>\n<h3><strong>A partir de las 19,30h y hasta las 23h.\u00a0<\/strong><\/h3>\n<h3><strong>En el patio de La Salle Comtal<\/strong>, en la Calle Amadeu Vives, 6, de Barcelona.<\/h3>\n<h3><strong>Donativo:\u00a0<\/strong><strong>Adultos 15\u20ac.\u00a0<\/strong><strong>Menores de 12 a\u00f1os 10\u20ac.\u00a0<\/strong><\/h3>\n<h3><strong>Incluye men\u00fa degustaci\u00f3n de tapas y platos frios y calientes, bebida y postres!<\/strong><\/h3>\n<h3><strong>\u00bfTe lo perder\u00e1s? Es necesario confirmar asistencia!<\/strong><\/h3>\n<h2><strong>Cena Solidaria #ReescribimosFuturo<\/strong><\/h2>\n<hr \/>\n<p>Para los ni\u00f1os y familias en riesgo de exclusi\u00f3n social, <strong>el verano es un periodo de alta vulnerabilidad,<\/strong> ya que suelen pasar gran parte de tiempo en casa o en la calle sin posibilidad de acceder a recursos de ocio, colonias, campamentos, etc. <strong>Por eso es importante sumar esfuerzos y que podamos hacer posible el casal.<\/strong><\/p>\n<p><strong>Ven a la cena solidaria con tus familiares y amigos y ayudanos a conseguir nuestro reto!<\/strong><\/p>\n<p><b>Gracias por ayudarnos a \u00abReescribirFuturo!<\/b><\/p>\n<p>&nbsp;<\/p>\n","protected":false},"excerpt":{"rendered":"<p>El 19 de mayo a la noche, no hagas planes, porque ya tienes uno. La Fundaci\u00f3n Comtal organizar la Cena Solidaria #ReescribimosFuturo! Los alumnos del Programa de Formaci\u00f3n e Inserci\u00f3n [&hellip;]<\/p>\n","protected":false},"author":2,"featured_media":14950,"comment_status":"closed","ping_status":"closed","sticky":false,"template":"","format":"standard","meta":{"footnotes":""},"categories":[19],"tags":[],"class_list":["post-14948","post","type-post","status-publish","format-standard","has-post-thumbnail","hentry","category-general-es"],"_links":{"self":[{"href":"https:\/\/comtal.org\/es\/wp-json\/wp\/v2\/posts\/14948","targetHints":{"allow":["GET"]}}],"collection":[{"href":"https:\/\/comtal.org\/es\/wp-json\/wp\/v2\/posts"}],"about":[{"href":"https:\/\/comtal.org\/es\/wp-json\/wp\/v2\/types\/post"}],"author":[{"embeddable":true,"href":"https:\/\/comtal.org\/es\/wp-json\/wp\/v2\/users\/2"}],"replies":[{"embeddable":true,"href":"https:\/\/comtal.org\/es\/wp-json\/wp\/v2\/comments?post=14948"}],"version-history":[{"count":5,"href":"https:\/\/comtal.org\/es\/wp-json\/wp\/v2\/posts\/14948\/revisions"}],"predecessor-version":[{"id":14974,"href":"https:\/\/comtal.org\/es\/wp-json\/wp\/v2\/posts\/14948\/revisions\/14974"}],"wp:featuredmedia":[{"embeddable":true,"href":"https:\/\/comtal.org\/es\/wp-json\/wp\/v2\/media\/14950"}],"wp:attachment":[{"href":"https:\/\/comtal.org\/es\/wp-json\/wp\/v2\/media?parent=14948"}],"wp:term":[{"taxonomy":"category","embeddable":true,"href":"https:\/\/comtal.org\/es\/wp-json\/wp\/v2\/categories?post=14948"},{"taxonomy":"post_tag","embeddable":true,"href":"https:\/\/comtal.org\/es\/wp-json\/wp\/v2\/tags?post=14948"}],"curies":[{"name":"wp","href":"https:\/\/api.w.org\/{rel}","templated":true}]}}