{"id":14939,"date":"2017-06-26T15:44:02","date_gmt":"2017-06-26T15:44:02","guid":{"rendered":"https:\/\/comtal.org\/?p=14939"},"modified":"2017-06-26T15:44:02","modified_gmt":"2017-06-26T15:44:02","slug":"una-cena-llena-de-solidaridad","status":"publish","type":"post","link":"https:\/\/comtal.org\/es\/una-cena-llena-de-solidaridad\/","title":{"rendered":"UNA CENA LLENA DE SOLIDARIDAD"},"content":{"rendered":"<p>En la Fundaci\u00f3n Comtal nos gusta incluir a todos en lo que hacemos, por eso, organizamos el pasado 19 de mayo, una cena solidaria en el marco de la campa\u00f1a \u201cReescrivimFutur. Y es que esta es nuestra lucha\u2026 una tarea dura, diaria, para cerrar el c\u00edrculo de exclusi\u00f3n social y reescribir el futuro de ni\u00f1os y j\u00f3venes del barrio, para que puedan ser aquello que deseen.<\/p>\n<p><span class=\"responsive\"><img loading=\"lazy\" decoding=\"async\" class=\"aligncenter size-full wp-image-14944\" src=\"https:\/\/comtal.org\/wp-content\/uploads\/sopa-2.jpg\" alt=\"\" width=\"2048\" height=\"1299\" srcset=\"https:\/\/comtal.org\/wp-content\/uploads\/sopa-2.jpg 2048w, https:\/\/comtal.org\/wp-content\/uploads\/sopa-2-300x190.jpg 300w, https:\/\/comtal.org\/wp-content\/uploads\/sopa-2-768x487.jpg 768w, https:\/\/comtal.org\/wp-content\/uploads\/sopa-2-1024x650.jpg 1024w, https:\/\/comtal.org\/wp-content\/uploads\/sopa-2-188x119.jpg 188w\" sizes=\"auto, (max-width: 2048px) 100vw, 2048px\" \/><\/span><\/p>\n<p>Casi 70 personas se sumaron al \u201csarao\u201d y fueron los responsables de hacer que la noche fuera muy especial, llena de alegr\u00eda, de amigos y de colaboraci\u00f3n. No falt\u00f3 la animaci\u00f3n con un photocall, una rifa plena de regalos solidarios, y la celebraci\u00f3n improvisada de un aniversario con velas y todo. As\u00ed, conseguimos arrancarles una sonrisa a todas las personas que nos acompa\u00f1aron, y eso nos llena, porque nos gusta transmitir ilusi\u00f3n, calor y alegr\u00eda en lo que hacemos.<\/p>\n<p>Los claros protagonistas de la noche fueron el equipo de cocineros y de camareros del Programa de Formaci\u00f3n e Inserci\u00f3n en cocina. Un grupo de alumnos muy especial encargado de preparar y servir los platos, buen\u00edsimos, fr\u00edos y calientes. Los J\u00f3venes est\u00e1n haciendo un curso de auxiliar de hosteler\u00eda donde les preparamos para acceder al mercado de trabajo, y a\u00fan m\u00e1s importante, donde redescubren el gusto por aprender y retoman un itinerario formativo.<\/p>\n<p><span class=\"responsive\"><img loading=\"lazy\" decoding=\"async\" class=\"aligncenter size-full wp-image-14943\" src=\"https:\/\/comtal.org\/wp-content\/uploads\/sopa-3.jpg\" alt=\"\" width=\"1086\" height=\"741\" srcset=\"https:\/\/comtal.org\/wp-content\/uploads\/sopa-3.jpg 1086w, https:\/\/comtal.org\/wp-content\/uploads\/sopa-3-300x205.jpg 300w, https:\/\/comtal.org\/wp-content\/uploads\/sopa-3-768x524.jpg 768w, https:\/\/comtal.org\/wp-content\/uploads\/sopa-3-1024x699.jpg 1024w, https:\/\/comtal.org\/wp-content\/uploads\/sopa-3-188x129.jpg 188w\" sizes=\"auto, (max-width: 1086px) 100vw, 1086px\" \/><\/span><\/p>\n<p>No queremos olvidarnos del trabajo que hicieron las madres del Tria Familias. Y es que en uno de los talleres semanales hicieron cocina, prepararon m\u00e1s de 100 galletas de miel y avellana que dimos como detalle y agradecimiento a todos los implicados en la cena. Estaban impresionantes.<\/p>\n<p>Gracias a todos vosotros hemos recaudado m\u00e1s de 1600\u20ac que ir\u00e1n \u00edntegramente a la financiar los casals familiares que, como novedad llevaremos a cabo este mes de junio y julio. A trav\u00e9s de estos espacios acompa\u00f1amos a madres, padres y tambi\u00e9n a los m\u00e1s peque\u00f1os durante el verano, \u00e9poca de alta vulnerabilidad porque la escuela ha acabado y los peque\u00f1os de las familias vulnerables corren riesgo de pasar mucho tiempo solos en casa o en la calle, sin posibilidad de acceder a actividades de ocio.<\/p>\n<p><strong>Al final de la noche, ya lo hicimos, pero no nos cansamos de brindar por vosotros, por vuestra colaboraci\u00f3n y por vuestra solidaridad, as\u00ed que\u2026<\/strong><\/p>\n<p>&nbsp;<\/p>\n<p><span class=\"responsive\"><img loading=\"lazy\" decoding=\"async\" class=\"aligncenter size-full wp-image-14942\" src=\"https:\/\/comtal.org\/wp-content\/uploads\/sopa-4.jpg\" alt=\"\" width=\"2048\" height=\"1036\" srcset=\"https:\/\/comtal.org\/wp-content\/uploads\/sopa-4.jpg 2048w, https:\/\/comtal.org\/wp-content\/uploads\/sopa-4-300x152.jpg 300w, https:\/\/comtal.org\/wp-content\/uploads\/sopa-4-768x389.jpg 768w, https:\/\/comtal.org\/wp-content\/uploads\/sopa-4-1024x518.jpg 1024w, https:\/\/comtal.org\/wp-content\/uploads\/sopa-4-940x475.jpg 940w, https:\/\/comtal.org\/wp-content\/uploads\/sopa-4-188x95.jpg 188w\" sizes=\"auto, (max-width: 2048px) 100vw, 2048px\" \/><\/span><\/p>\n<ul>\n<li><strong>Gracias a La Salle Comtal<\/strong>por cedernos la escuela y pon\u00e9rnoslo tan f\u00e1cil para organizar la cena solidaria #ReescrivimFutur.<\/li>\n<li><strong>Gracias a Caves Berdi\u00e9 i a Estrella DAMM<\/strong>por donarnos la bebida<\/li>\n<li><strong>Gracias al FCBarcelona, Aires de Barcelona i Grupo Sagardi<\/strong> por donarnos los regalos del sorteo<\/li>\n<li><strong>Gracias a los j\u00f3venes del PFI y al equipo del \u00e1rea de formaci\u00f3n <\/strong>por la implicaci\u00f3n preparando la comida y montando el servicio de la cena.<\/li>\n<li><strong>Gracias a las madres del Tria Familias<\/strong>por preparar con mucho amor el detalle que todos los participantes se llevaron a casa despu\u00e9s de la cena.<\/li>\n<li><strong>Gracias a todos por venir a cenar y aportar vuestro grano de arena! Gracias a todas las empresas, escuelas, organizaciones y personas que, a lo largo de todo el curso, hab\u00e9is colaborado con la campa\u00f1a #ReescrivimFutur! <\/strong><\/li>\n<\/ul>\n<p>&nbsp;<\/p>\n<p>Os dejamos un link al video de la cena para que ve\u00e1is como fue la noche<\/p>\n<p>&nbsp;<\/p>\n","protected":false},"excerpt":{"rendered":"<p>En la Fundaci\u00f3n Comtal nos gusta incluir a todos en lo que hacemos, por eso, organizamos el pasado 19 de mayo, una cena solidaria en el marco de la campa\u00f1a [&hellip;]<\/p>\n","protected":false},"author":2,"featured_media":14945,"comment_status":"closed","ping_status":"closed","sticky":false,"template":"","format":"standard","meta":{"footnotes":""},"categories":[19],"tags":[],"class_list":["post-14939","post","type-post","status-publish","format-standard","has-post-thumbnail","hentry","category-general-es"],"_links":{"self":[{"href":"https:\/\/comtal.org\/es\/wp-json\/wp\/v2\/posts\/14939","targetHints":{"allow":["GET"]}}],"collection":[{"href":"https:\/\/comtal.org\/es\/wp-json\/wp\/v2\/posts"}],"about":[{"href":"https:\/\/comtal.org\/es\/wp-json\/wp\/v2\/types\/post"}],"author":[{"embeddable":true,"href":"https:\/\/comtal.org\/es\/wp-json\/wp\/v2\/users\/2"}],"replies":[{"embeddable":true,"href":"https:\/\/comtal.org\/es\/wp-json\/wp\/v2\/comments?post=14939"}],"version-history":[{"count":2,"href":"https:\/\/comtal.org\/es\/wp-json\/wp\/v2\/posts\/14939\/revisions"}],"predecessor-version":[{"id":14947,"href":"https:\/\/comtal.org\/es\/wp-json\/wp\/v2\/posts\/14939\/revisions\/14947"}],"wp:featuredmedia":[{"embeddable":true,"href":"https:\/\/comtal.org\/es\/wp-json\/wp\/v2\/media\/14945"}],"wp:attachment":[{"href":"https:\/\/comtal.org\/es\/wp-json\/wp\/v2\/media?parent=14939"}],"wp:term":[{"taxonomy":"category","embeddable":true,"href":"https:\/\/comtal.org\/es\/wp-json\/wp\/v2\/categories?post=14939"},{"taxonomy":"post_tag","embeddable":true,"href":"https:\/\/comtal.org\/es\/wp-json\/wp\/v2\/tags?post=14939"}],"curies":[{"name":"wp","href":"https:\/\/api.w.org\/{rel}","templated":true}]}}