{"id":14909,"date":"2017-06-26T14:35:03","date_gmt":"2017-06-26T14:35:03","guid":{"rendered":"https:\/\/comtal.org\/?p=14909"},"modified":"2017-06-26T14:35:03","modified_gmt":"2017-06-26T14:35:03","slug":"el-dia-de-la-mujer-ven-a-celebrarlo","status":"publish","type":"post","link":"https:\/\/comtal.org\/es\/el-dia-de-la-mujer-ven-a-celebrarlo\/","title":{"rendered":"EL DIA DE LA MUJER, VEN A CELEBRARLO"},"content":{"rendered":"<p>Queremos reivindicar la igualdad de g\u00e9nero, poner sobre la mesa el drama del maltrato y hacer visibles las desigualdades con las que convivimos hoy en d\u00eda.<\/p>\n<p>Por eso os invitamos a compartir la ma\u00f1ana desayunando t\u00e9 y caf\u00e9, antes de mostrar diferentes cortos para tratar los derechos de la mujer. Cuando acaben, haremos un poco de debate y un photocall con polaroid para hacer visibles a las mujeres que forman parte de la familia Comtal.<\/p>\n<p>&nbsp;<\/p>\n<p>Lo haremos en el local de la Fundaci\u00f3n Comtal en C\/ Fonollar de 11h a 13h.<\/p>\n<p>Para m\u00e1s informaci\u00f3n: 93 319 98 55 Persona de contacto: Sof\u00eda Caparr\u00f3s<\/p>\n<p>&nbsp;<\/p>\n","protected":false},"excerpt":{"rendered":"<p>Queremos reivindicar la igualdad de g\u00e9nero, poner sobre la mesa el drama del maltrato y hacer visibles las desigualdades con las que convivimos hoy en d\u00eda. Por eso os invitamos [&hellip;]<\/p>\n","protected":false},"author":2,"featured_media":14911,"comment_status":"closed","ping_status":"closed","sticky":false,"template":"","format":"standard","meta":{"footnotes":""},"categories":[19],"tags":[],"class_list":["post-14909","post","type-post","status-publish","format-standard","has-post-thumbnail","hentry","category-general-es"],"_links":{"self":[{"href":"https:\/\/comtal.org\/es\/wp-json\/wp\/v2\/posts\/14909","targetHints":{"allow":["GET"]}}],"collection":[{"href":"https:\/\/comtal.org\/es\/wp-json\/wp\/v2\/posts"}],"about":[{"href":"https:\/\/comtal.org\/es\/wp-json\/wp\/v2\/types\/post"}],"author":[{"embeddable":true,"href":"https:\/\/comtal.org\/es\/wp-json\/wp\/v2\/users\/2"}],"replies":[{"embeddable":true,"href":"https:\/\/comtal.org\/es\/wp-json\/wp\/v2\/comments?post=14909"}],"version-history":[{"count":1,"href":"https:\/\/comtal.org\/es\/wp-json\/wp\/v2\/posts\/14909\/revisions"}],"predecessor-version":[{"id":14912,"href":"https:\/\/comtal.org\/es\/wp-json\/wp\/v2\/posts\/14909\/revisions\/14912"}],"wp:featuredmedia":[{"embeddable":true,"href":"https:\/\/comtal.org\/es\/wp-json\/wp\/v2\/media\/14911"}],"wp:attachment":[{"href":"https:\/\/comtal.org\/es\/wp-json\/wp\/v2\/media?parent=14909"}],"wp:term":[{"taxonomy":"category","embeddable":true,"href":"https:\/\/comtal.org\/es\/wp-json\/wp\/v2\/categories?post=14909"},{"taxonomy":"post_tag","embeddable":true,"href":"https:\/\/comtal.org\/es\/wp-json\/wp\/v2\/tags?post=14909"}],"curies":[{"name":"wp","href":"https:\/\/api.w.org\/{rel}","templated":true}]}}