{"id":14903,"date":"2017-06-26T14:32:28","date_gmt":"2017-06-26T14:32:28","guid":{"rendered":"https:\/\/comtal.org\/?p=14903"},"modified":"2018-09-05T11:53:10","modified_gmt":"2018-09-05T11:53:10","slug":"nos-movemos-por-la-insercion-asi-todos-ganamos","status":"publish","type":"post","link":"https:\/\/comtal.org\/es\/nos-movemos-por-la-insercion-asi-todos-ganamos\/","title":{"rendered":"NOS MOVEMOS POR LA INSERCI\u00d3N"},"content":{"rendered":"<p>Hacemos un balance positivo del Servicio que hace posible la inserci\u00f3n social y laboral de personas con dificultades a trav\u00e9s del programa Incorpora de la Obra Social \u201cla Caixa\u201d.<\/p>\n<p>Hemos conseguido durante el a\u00f1o 2015, que m\u00e1s de 55 personas encuentren trabajo y hemos trabajado intensamente para ofrecer la mejor formaci\u00f3n a trav\u00e9s de las tutor\u00edas, talleres de mejora de competencias, coaching profesional y apoyo continuado a 140 personas para potenciar sus recursos y mejorar su ocupaci\u00f3n.<\/p>\n<p>El programa Incorpora hace posible la ocupabilidad de estas personas y pone las herramientas necesarias para que las empresas puedan contratarles de forma responsable, mientras el equipo de insertores facilita la cobertura de vacantes de las empresas en funci\u00f3n de las necesidades, y acompa\u00f1a tanto a la empresa como a los j\u00f3venes durante el periodo de adaptaci\u00f3n al lugar de trabajo.<\/p>\n<p>\u00bfC\u00f3mo lo hacemos posible?<\/p>\n<ul>\n<li>Implicamos activamente al tejido empresarial del territorio para garantizar a los j\u00f3venes un acceso al mercado laboral con \u00e9xito. Todo esto, lo hacemos conjuntamente con el servicio de intermediaci\u00f3n laboral ente los j\u00f3venes y las empresas que colaboran con el proyecto de Inserci\u00f3n-Prospecci\u00f3n adherido a la Red de Inserci\u00f3n Laboral que desarrolla el Programa Incorpora de Obra Social \u201cla Caixa\u201d<\/li>\n<li>Dise\u00f1amos con el usuario, el itinerario de inserci\u00f3n m\u00e1s adecuado a sus caracter\u00edsticas y nos coordinamos con los recursos internos y externos para garantizar el \u00e9xito del proceso. Esta metodolog\u00eda se lleva a cabo principalmente por medio de la tutor\u00eda individualizada, donde se analizan los factores de ocupabilidad de la persona y se determinan los objetivos, las acciones y las estrategias.<\/li>\n<li>Activamos los mecanismos necesarios para el desarrollo profesional y ponemos a disposici\u00f3n, las herramientas y materiales imprescindibles. Tener un buen curriculum, as\u00ed como poder acceder a las ofertas y formaciones ocupacionales en el espacio de investigaci\u00f3n.<\/li>\n<li>Impulsamos talleres grupales de mejora competencias especializados en los sectores de hoteler\u00eda y el comercio: los Connecta\u2019t<\/li>\n<li>Hacemos formaci\u00f3n en empresas por medio de convenios de pr\u00e1cticas<\/li>\n<li>Hacemos intervenci\u00f3n laboral necesaria para facilitar la contrataci\u00f3n de los participantes en la empresa<\/li>\n<li>Les dirigimos a otras entidades del barrio que puedan ayudar a satisfacer otras necesidades vinculadas (acceso a la vivienda, atenci\u00f3n social sanitaria, etc)<\/li>\n<\/ul>\n<p>En la Fundaci\u00f3n Comal lo damos todos para ayudar a los j\u00f3venes que se encuentran en situaci\u00f3n de vulnerabilidad a encontrar trabajo e incorporarse al mercado de trabajo. Y lo hacemos gracias a la implicaci\u00f3n del programa Incorpora y del tejido empresarial.<\/p>\n<p>As\u00ed, todos ganamos<\/p>\n<p><span class=\"responsive\"><img loading=\"lazy\" decoding=\"async\" class=\" wp-image-14906 alignleft\" src=\"https:\/\/comtal.org\/wp-content\/uploads\/incorpora.jpg\" alt=\"\" width=\"257\" height=\"110\" srcset=\"https:\/\/comtal.org\/wp-content\/uploads\/incorpora.jpg 343w, https:\/\/comtal.org\/wp-content\/uploads\/incorpora-300x129.jpg 300w, https:\/\/comtal.org\/wp-content\/uploads\/incorpora-188x81.jpg 188w\" sizes=\"auto, (max-width: 257px) 100vw, 257px\" \/><\/span><\/p>\n<p>&nbsp;<\/p>\n","protected":false},"excerpt":{"rendered":"<p>Hacemos un balance positivo del Servicio que hace posible la inserci\u00f3n social y laboral de personas con dificultades a trav\u00e9s del programa Incorpora de la Obra Social \u201cla Caixa\u201d. Hemos [&hellip;]<\/p>\n","protected":false},"author":2,"featured_media":14905,"comment_status":"closed","ping_status":"closed","sticky":false,"template":"","format":"standard","meta":{"footnotes":""},"categories":[19],"tags":[],"class_list":["post-14903","post","type-post","status-publish","format-standard","has-post-thumbnail","hentry","category-general-es"],"_links":{"self":[{"href":"https:\/\/comtal.org\/es\/wp-json\/wp\/v2\/posts\/14903","targetHints":{"allow":["GET"]}}],"collection":[{"href":"https:\/\/comtal.org\/es\/wp-json\/wp\/v2\/posts"}],"about":[{"href":"https:\/\/comtal.org\/es\/wp-json\/wp\/v2\/types\/post"}],"author":[{"embeddable":true,"href":"https:\/\/comtal.org\/es\/wp-json\/wp\/v2\/users\/2"}],"replies":[{"embeddable":true,"href":"https:\/\/comtal.org\/es\/wp-json\/wp\/v2\/comments?post=14903"}],"version-history":[{"count":3,"href":"https:\/\/comtal.org\/es\/wp-json\/wp\/v2\/posts\/14903\/revisions"}],"predecessor-version":[{"id":16357,"href":"https:\/\/comtal.org\/es\/wp-json\/wp\/v2\/posts\/14903\/revisions\/16357"}],"wp:featuredmedia":[{"embeddable":true,"href":"https:\/\/comtal.org\/es\/wp-json\/wp\/v2\/media\/14905"}],"wp:attachment":[{"href":"https:\/\/comtal.org\/es\/wp-json\/wp\/v2\/media?parent=14903"}],"wp:term":[{"taxonomy":"category","embeddable":true,"href":"https:\/\/comtal.org\/es\/wp-json\/wp\/v2\/categories?post=14903"},{"taxonomy":"post_tag","embeddable":true,"href":"https:\/\/comtal.org\/es\/wp-json\/wp\/v2\/tags?post=14903"}],"curies":[{"name":"wp","href":"https:\/\/api.w.org\/{rel}","templated":true}]}}