{"id":14894,"date":"2017-06-26T14:22:21","date_gmt":"2017-06-26T14:22:21","guid":{"rendered":"https:\/\/comtal.org\/?p=14894"},"modified":"2018-09-05T11:55:02","modified_gmt":"2018-09-05T11:55:02","slug":"segundo-concierto-solidario-por-un-mundo-de-oportunidades","status":"publish","type":"post","link":"https:\/\/comtal.org\/es\/segundo-concierto-solidario-por-un-mundo-de-oportunidades\/","title":{"rendered":"2\u00ba CONCIERTO SOLIDARIO: MUNDO DE OPORTUNIDADES"},"content":{"rendered":"<p>La noche del 27 de Enero fue muy especial, porque entre todos y todas la hicimos m\u00e1gica. <strong>Los alumnos, los profesores y la comunidad educativa de La Salle Catalu\u00f1a m\u00e1s solidaria, lo dieron todo en el teatro de La Salle Bonanova para hacer realidad el Segundo Concierto de Coros Solidarios por un Mundo de Oportunidades.<\/strong><\/p>\n<p>Contamos con la participaci\u00f3n de 9 grupos musicales y la colaboraci\u00f3n de 8 escuelas diferentes. <strong>La Salle Barceloneta, La Salle Bonanova, La Salle Comtal, La Salle Congr\u00e9s, La Salle Gr\u00e0cia, La Salle Montcada i Reixac, La Salle Premi\u00e0 de Mar i La Salle Sant Celoni. Un concierto con mucha calidad musical, hecho en casa.<\/strong><\/p>\n<p><strong>Grupos de rock, orquestas y coros a capella llenaron el escenario para hacer versiones de canciones conocidas por todos<\/strong>. El concierto comenz\u00f3 con el Coraz\u00f3n Joven de Ciutat Vella, que patrocina el Orfe\u00f2 Catal\u00e0 del Palau de la Musica Catalana. La mayor\u00eda de los componentes son alumnos y exalumnos de La Salle Comtal y se cerr\u00f3 con la participaci\u00f3n del Grup 70xset invitando \u00a0a subir al escenario a todos los participantes y cantar conjuntamente la canci\u00f3n final, del lema de este a\u00f1o. El acto fue presentado por Tom\u00e1s Roy, antiguo alumno de La Salle Bonanova<\/p>\n<p>El hilo conductor del concierto gir\u00f3 en torno al DENIP, \u201cD\u00eda Escolar de la No Violencia y la Paz\u201d Y sirvi\u00f3 para sensibilizar y dar a conocer lo que la Fundaci\u00f3n Comtal y la Fundaci\u00f3n Proide hacen para dar oportunidades educativas a los m\u00e1s vulnerables.<\/p>\n<p>El concierto se celebr\u00f3 por dos buenas causas. <strong>Todos los beneficios obtenidos se destinar\u00e1n al Llar Germ\u00e0 Adri\u00e0, un programa que acoge j\u00f3venes que no tienen recursos ni apoyo familiar a trav\u00e9s de la Fundaci\u00f3n Comtal y el Proyecto Fratelli, para refugiados sirios y personas en situaci\u00f3n de riesgo social del L\u00edbano, a trav\u00e9s de la Fundaci\u00f3n Proide.<\/strong><\/p>\n<p>Gracias a todos los coros por hacer de la m\u00fasica, una excusa para la solidaridad. Gracias a Revisa por hacer la donaci\u00f3n de los productos para el bar. Gracias al Ayuntamiento de Barcelona por el pr\u00e9stamos de las tarimas. Gracias a todos los voluntarios, a los organizadores, al presentador, al chico del Programa de Formaci\u00f3n y Cocina de la Fundaci\u00f3n Comtal por llevar el bar. Gracias al Bar\u00e7a y al Espa\u00f1ol por ceder una camiseta y una pelota firmada por los respectivos jugadores para el sorteo. Gracias a Gr\u00e0fiques Forte y Atr\u00e1palo por tambi\u00e9n colaborar. Gracias a los alumnos, a los profesores y a toda la comunidad educativa. Gracias a todos los que vinieron por aportar vuestro grano de arena<\/p>\n<p>&nbsp;<\/p>\n","protected":false},"excerpt":{"rendered":"<p>La noche del 27 de Enero fue muy especial, porque entre todos y todas la hicimos m\u00e1gica. Los alumnos, los profesores y la comunidad educativa de La Salle Catalu\u00f1a m\u00e1s [&hellip;]<\/p>\n","protected":false},"author":2,"featured_media":14896,"comment_status":"closed","ping_status":"closed","sticky":false,"template":"","format":"standard","meta":{"footnotes":""},"categories":[19],"tags":[],"class_list":["post-14894","post","type-post","status-publish","format-standard","has-post-thumbnail","hentry","category-general-es"],"_links":{"self":[{"href":"https:\/\/comtal.org\/es\/wp-json\/wp\/v2\/posts\/14894","targetHints":{"allow":["GET"]}}],"collection":[{"href":"https:\/\/comtal.org\/es\/wp-json\/wp\/v2\/posts"}],"about":[{"href":"https:\/\/comtal.org\/es\/wp-json\/wp\/v2\/types\/post"}],"author":[{"embeddable":true,"href":"https:\/\/comtal.org\/es\/wp-json\/wp\/v2\/users\/2"}],"replies":[{"embeddable":true,"href":"https:\/\/comtal.org\/es\/wp-json\/wp\/v2\/comments?post=14894"}],"version-history":[{"count":3,"href":"https:\/\/comtal.org\/es\/wp-json\/wp\/v2\/posts\/14894\/revisions"}],"predecessor-version":[{"id":16359,"href":"https:\/\/comtal.org\/es\/wp-json\/wp\/v2\/posts\/14894\/revisions\/16359"}],"wp:featuredmedia":[{"embeddable":true,"href":"https:\/\/comtal.org\/es\/wp-json\/wp\/v2\/media\/14896"}],"wp:attachment":[{"href":"https:\/\/comtal.org\/es\/wp-json\/wp\/v2\/media?parent=14894"}],"wp:term":[{"taxonomy":"category","embeddable":true,"href":"https:\/\/comtal.org\/es\/wp-json\/wp\/v2\/categories?post=14894"},{"taxonomy":"post_tag","embeddable":true,"href":"https:\/\/comtal.org\/es\/wp-json\/wp\/v2\/tags?post=14894"}],"curies":[{"name":"wp","href":"https:\/\/api.w.org\/{rel}","templated":true}]}}