{"id":14886,"date":"2017-06-26T14:15:51","date_gmt":"2017-06-26T14:15:51","guid":{"rendered":"https:\/\/comtal.org\/?p=14886"},"modified":"2018-09-05T11:55:49","modified_gmt":"2018-09-05T11:55:49","slug":"nos-sumamos-a-la-campana-casa-nostra-casa-vostra","status":"publish","type":"post","link":"https:\/\/comtal.org\/es\/nos-sumamos-a-la-campana-casa-nostra-casa-vostra\/","title":{"rendered":"NOS SUMAMOS A \u201cCASA NOSTRA, CASA VOSTRA\u201d"},"content":{"rendered":"<p><strong>Europa vive la crisis migratoria m\u00e1s importante desde la II Guerra Mundial. En la Fundaci\u00f3n Comtal no queremos dar la espalda a esta situaci\u00f3n y\u00a0 nos sumamos a la Campa\u00f1a \u201cCasa Nostra, Casa Vostra\u201d<\/strong> que se lanza con el objetivo de reclamar a las instituciones catalana que cumplan con la promesa de acoger, como un m\u00ednimo 4.500 personas de las que tenido que abandonar su casa en la denominada <strong>crisis migratoria<\/strong> del Mediterr\u00e1neo<\/p>\n<p>En la Fundaci\u00f3n Comtal luchamos d\u00eda a d\u00eda para defender los derechos de los m\u00e1s vulnerables, por eso damos todo nuestro apoyo a las personas que est\u00e1n sufriendo esta situaci\u00f3n firmando el manifiesto que han elaborado en el marco de la campa\u00f1a para reunir el m\u00e1ximo n\u00famero de firmas y que animamos a firmar.<\/p>\n<p><strong>El pr\u00f3ximo 18 de febrero han organizado una manifestaci\u00f3n a favor de la acogida de personas refugiadas<\/strong> para dar apoyo, voz y esperanza a todos aquellos que han l han perdido. Si quieres participar, haz clic en el enlace y haz que nuestra casa sea su casa.<\/p>\n<p>Para darle visibilidad, la campa\u00f1a anuncia que organizar\u00e1 centenares de actos y actividades como conferencias y talleres por todo el territorio. Entre los m\u00e1s destacados habr\u00e1 un <strong>concierto en el Palau Sant Jordi el 11 de febrero<\/strong> que contar\u00e1 con cantantes como Llu\u00eds Llach, l\u2019actriu S\u00edlvia Bel, Manolo Garc\u00eda, Macaco o S\u00edlvia P\u00e9rez Cruz. Adem\u00e1s, la compa\u00f1\u00eda La Fura dels Baus har\u00e1 un gran montaje como hilo conductor del concierto, promovido por la campa\u00f1a \u201cCasa nostra casa vostra\u201d<\/p>\n<p><strong>Todos los benefici\u00f3s<\/strong> que genere el concierto se destinar\u00e0 a un proyecto de ayudas econ\u00f3micas a las <strong>organizaciones que trabajan en migraci\u00f3n y refugio<\/strong> en Catalu\u00f1a o en los paises de origen o de tr\u00e1nsito. El cocnierto cuenta con la producci\u00f3n de Primavera Souns, con la participaci\u00f3n de Canet Rock y Clippers<\/p>\n<p>La campa\u00f1a la coordinan persones del sector de comunicaci\u00f3n y cuenta con la colaboraci\u00f3n y apoyo de entidad, empreses y agentes del sector cultural de Catalu\u00f1a como Primavera Sound, La Fura del Baus, Canet Rock, Sala Apolo, Live Nation, Llibreria La Central i la sala Sidecar.<\/p>\n<p>.<strong>En la Fundaci\u00f3 Comtal #volemacollir, porque Casa Nostra es Casa Vostra.<\/strong><\/p>\n","protected":false},"excerpt":{"rendered":"<p>Europa vive la crisis migratoria m\u00e1s importante desde la II Guerra Mundial. En la Fundaci\u00f3n Comtal no queremos dar la espalda a esta situaci\u00f3n y\u00a0 nos sumamos a la Campa\u00f1a [&hellip;]<\/p>\n","protected":false},"author":2,"featured_media":14892,"comment_status":"closed","ping_status":"closed","sticky":false,"template":"","format":"standard","meta":{"footnotes":""},"categories":[19],"tags":[],"class_list":["post-14886","post","type-post","status-publish","format-standard","has-post-thumbnail","hentry","category-general-es"],"_links":{"self":[{"href":"https:\/\/comtal.org\/es\/wp-json\/wp\/v2\/posts\/14886","targetHints":{"allow":["GET"]}}],"collection":[{"href":"https:\/\/comtal.org\/es\/wp-json\/wp\/v2\/posts"}],"about":[{"href":"https:\/\/comtal.org\/es\/wp-json\/wp\/v2\/types\/post"}],"author":[{"embeddable":true,"href":"https:\/\/comtal.org\/es\/wp-json\/wp\/v2\/users\/2"}],"replies":[{"embeddable":true,"href":"https:\/\/comtal.org\/es\/wp-json\/wp\/v2\/comments?post=14886"}],"version-history":[{"count":2,"href":"https:\/\/comtal.org\/es\/wp-json\/wp\/v2\/posts\/14886\/revisions"}],"predecessor-version":[{"id":16360,"href":"https:\/\/comtal.org\/es\/wp-json\/wp\/v2\/posts\/14886\/revisions\/16360"}],"wp:featuredmedia":[{"embeddable":true,"href":"https:\/\/comtal.org\/es\/wp-json\/wp\/v2\/media\/14892"}],"wp:attachment":[{"href":"https:\/\/comtal.org\/es\/wp-json\/wp\/v2\/media?parent=14886"}],"wp:term":[{"taxonomy":"category","embeddable":true,"href":"https:\/\/comtal.org\/es\/wp-json\/wp\/v2\/categories?post=14886"},{"taxonomy":"post_tag","embeddable":true,"href":"https:\/\/comtal.org\/es\/wp-json\/wp\/v2\/tags?post=14886"}],"curies":[{"name":"wp","href":"https:\/\/api.w.org\/{rel}","templated":true}]}}