{"id":14860,"date":"2017-06-22T16:21:32","date_gmt":"2017-06-22T16:21:32","guid":{"rendered":"https:\/\/comtal.org\/?p=14860"},"modified":"2017-06-22T16:21:32","modified_gmt":"2017-06-22T16:21:32","slug":"deseos-de-navidad-hechos-realidad","status":"publish","type":"post","link":"https:\/\/comtal.org\/es\/deseos-de-navidad-hechos-realidad\/","title":{"rendered":"DESEOS DE NAVIDAD HECHOS REALIDAD"},"content":{"rendered":"<p>Gracias a todos los que hab\u00e9is colaborado con la campa\u00f1a de Navidad haciendo realidad los deseos de\u00a0 los ni\u00f1os y los j\u00f3venes que acogemos en la Fundaci\u00f3n Comtal. Creemos que el mejor regalo que os podemos hacer nosotros es compartir como han disfrutado durante todas las fiestas, por eso os explicamos lo que hemos hecho, como ha ido y os ense\u00f1amos los \u00e1lbumes de fotos. \u00a1Porque una imagen vale m\u00e1s que mil palabras!<\/p>\n<p>No os pod\u00e9is imaginar la emoci\u00f3n que sintieron los ni\u00f1os y j\u00f3venes del centro residencial de menores cuando comenzaron a cantar y a recibir los regalos por el Ti\u00f3. Todos estrenaron algo. Uno de ellos a\u00fan no se ha quitado la camiseta nueva del FCB, otro juega sin parar con su bloc de dibujo, y el m\u00e1s travieso de todos se ha comido todos los caramelos\u2026\u00a0 Aunque no os podemos ense\u00f1ar sus caras de ilusi\u00f3n, seguro que pod\u00e9is imagin\u00e1roslas. \u00a1Gracias Ti\u00f3!<\/p>\n<p>\u00bfY la llegada de los Reyes Magos a la Fundaci\u00f3n? Los ni\u00f1os y j\u00f3venes del Centro Abierto se van a pasar toda la ma\u00f1ana preguntando cuando ven\u00eda el Paje Real. Entre gritos, sonrisas, nervios, canciones y much\u00edsima emoci\u00f3n, lleg\u00f3 el momento que llevaban esperando todo el a\u00f1o. Mochilas, juegos, peluches, USB\u2019s\u2026 los Reyes Magos han tra\u00eddo muchas cosas, pero las m\u00e1s importante de todas ha sido la alegr\u00eda. \u00a1Acceded al \u00e1lbum de fotos \u201cArriben els Reis Mags\u201d para ver la celebraci\u00f3n con los ni\u00f1os del Centro Abierto!<\/p>\n<p><span class=\"responsive\"><img loading=\"lazy\" decoding=\"async\" class=\"aligncenter  wp-image-14864\" src=\"https:\/\/comtal.org\/wp-content\/uploads\/nadal-deseo-2.jpg\" alt=\"\" width=\"717\" height=\"538\" srcset=\"https:\/\/comtal.org\/wp-content\/uploads\/nadal-deseo-2.jpg 640w, https:\/\/comtal.org\/wp-content\/uploads\/nadal-deseo-2-300x225.jpg 300w, https:\/\/comtal.org\/wp-content\/uploads\/nadal-deseo-2-172x129.jpg 172w\" sizes=\"auto, (max-width: 717px) 100vw, 717px\" \/><\/span><\/p>\n<p>En el centro de menores, la emoci\u00f3n no pod\u00eda ser menor, Aparte del Ti\u00f3 pudieron disfrutar tres d\u00edas intensos de colonias en Veciana para celebrar con antelaci\u00f3n el fin de a\u00f1o, hacer salidas a la monta\u00f1a, ir a cenar\u2026 A la vuelta, todo estaba preparado y personalizado para que cada uno de los 8 peque\u00f1os y mayores de la casa recibieran lo que hab\u00edan pedido en la carta a Sus Majestades. \u00a1No os perd\u00e1is el \u00e1lbum de fotos #DesitjosNadal!<\/p>\n<p><span class=\"responsive\"><img loading=\"lazy\" decoding=\"async\" class=\"aligncenter  wp-image-14865\" src=\"https:\/\/comtal.org\/wp-content\/uploads\/nadal-deseo-3.jpg\" alt=\"\" width=\"714\" height=\"535\" srcset=\"https:\/\/comtal.org\/wp-content\/uploads\/nadal-deseo-3.jpg 640w, https:\/\/comtal.org\/wp-content\/uploads\/nadal-deseo-3-300x225.jpg 300w, https:\/\/comtal.org\/wp-content\/uploads\/nadal-deseo-3-172x129.jpg 172w\" sizes=\"auto, (max-width: 714px) 100vw, 714px\" \/><\/span><\/p>\n<p>\u00a1Las madres del Tria Familias tambi\u00e9n recibieron una sorpresa de Navidad! Por una vez, ellas fueron las\u00a0 protagonistas. No paran nunca de hacer cosas, as\u00ed que pensamos que ser\u00eda un buen regalo cocinar y preparar una cena para todas ellas. Porque se lo merecen y porque lo valen. Re\u00edmos, bailamos, compartimos y hablamos de todo y de nada\u2026 En definitiva, \u00a1nos lo pasamos de lo m\u00e1s bien!<\/p>\n<p><span class=\"responsive\"><\/span>[<img loading=\"lazy\" decoding=\"async\" class=\"aligncenter  wp-image-14862\" src=\"https:\/\/comtal.org\/wp-content\/uploads\/nadal-deseo-4.jpg\" alt=\"\" width=\"654\" height=\"368\" srcset=\"https:\/\/comtal.org\/wp-content\/uploads\/nadal-deseo-4.jpg 960w, https:\/\/comtal.org\/wp-content\/uploads\/nadal-deseo-4-300x169.jpg 300w, https:\/\/comtal.org\/wp-content\/uploads\/nadal-deseo-4-768x432.jpg 768w, https:\/\/comtal.org\/wp-content\/uploads\/nadal-deseo-4-188x106.jpg 188w\" sizes=\"auto, (max-width: 654px) 100vw, 654px\" \/>\/responsive]<\/p>\n<p>Y los j\u00f3venes del Programa de Formaci\u00f3n en Hoteler\u00eda tambi\u00e9n han tenido su regalito, unos uniformes fant\u00e1sticos para estar bien preparados para hacer servicios y comenzar a trabajar.<\/p>\n<p>Pero no os pens\u00e9is que las celebraciones, los regalos y la solidaridad se acaban aqu\u00ed. Los j\u00f3venes del Llar Germ\u00e0 Adri\u00e0 fueron a cenar y est\u00e1n esperando que instalen los muebles que hab\u00edan pedido para remodelar la nueva cocina, y los grupos del Centro Abierto han comenzado a hacer salidas al teatro, al circo, al cine, al chiquiparc y al paintball que hab\u00edan pedido\u2026<\/p>\n<p>\u00a1Esta es la verdadera magia de la Navidad y ha sido posible gracias a todos los colaboradores!<\/p>\n<p>\u00a1Gracias por una Navidadl tan especial y por hacer realidad deseos y sue\u00f1os! Associaci\u00f3 de Voluntaris de \u201cla Caixa\u201d, Banc Sabadell, DABA, Editorial Flamboyant, Escola Solc, Grup d\u2019Opini\u00f3 \u00c0mfora, La Salle Bonanova, La Salle Comtal, La Salle Congr\u00e9s, La Salle Gr\u00e0cia, La Salle Montcada, La Salle Premi\u00e0 de Mar, AMPA La Salle Premi\u00e0 de Mar, Finestra Oberta, Fundaci\u00f3n Real Dreams, Fundaci\u00f3 FCBarcelona, Fundaci\u00f3n Tragaluz Ni\u00f1os del Mundo, Oak House School, Dom\u00e8nec Toquero, Miguel Salinas, Montse Mingo i Virginia Deloitte<\/p>\n","protected":false},"excerpt":{"rendered":"<p>Gracias a todos los que hab\u00e9is colaborado con la campa\u00f1a de Navidad haciendo realidad los deseos de\u00a0 los ni\u00f1os y los j\u00f3venes que acogemos en la Fundaci\u00f3n Comtal. Creemos que [&hellip;]<\/p>\n","protected":false},"author":2,"featured_media":14863,"comment_status":"closed","ping_status":"closed","sticky":false,"template":"","format":"standard","meta":{"footnotes":""},"categories":[1,19],"tags":[],"class_list":["post-14860","post","type-post","status-publish","format-standard","has-post-thumbnail","hentry","category-general","category-general-es"],"_links":{"self":[{"href":"https:\/\/comtal.org\/es\/wp-json\/wp\/v2\/posts\/14860","targetHints":{"allow":["GET"]}}],"collection":[{"href":"https:\/\/comtal.org\/es\/wp-json\/wp\/v2\/posts"}],"about":[{"href":"https:\/\/comtal.org\/es\/wp-json\/wp\/v2\/types\/post"}],"author":[{"embeddable":true,"href":"https:\/\/comtal.org\/es\/wp-json\/wp\/v2\/users\/2"}],"replies":[{"embeddable":true,"href":"https:\/\/comtal.org\/es\/wp-json\/wp\/v2\/comments?post=14860"}],"version-history":[{"count":3,"href":"https:\/\/comtal.org\/es\/wp-json\/wp\/v2\/posts\/14860\/revisions"}],"predecessor-version":[{"id":14868,"href":"https:\/\/comtal.org\/es\/wp-json\/wp\/v2\/posts\/14860\/revisions\/14868"}],"wp:featuredmedia":[{"embeddable":true,"href":"https:\/\/comtal.org\/es\/wp-json\/wp\/v2\/media\/14863"}],"wp:attachment":[{"href":"https:\/\/comtal.org\/es\/wp-json\/wp\/v2\/media?parent=14860"}],"wp:term":[{"taxonomy":"category","embeddable":true,"href":"https:\/\/comtal.org\/es\/wp-json\/wp\/v2\/categories?post=14860"},{"taxonomy":"post_tag","embeddable":true,"href":"https:\/\/comtal.org\/es\/wp-json\/wp\/v2\/tags?post=14860"}],"curies":[{"name":"wp","href":"https:\/\/api.w.org\/{rel}","templated":true}]}}