{"id":14839,"date":"2017-06-22T16:03:40","date_gmt":"2017-06-22T16:03:40","guid":{"rendered":"https:\/\/comtal.org\/?p=14839"},"modified":"2018-09-05T11:56:38","modified_gmt":"2018-09-05T11:56:38","slug":"nuevo-espacio-de-voluntariado-de-la-fundacion-comtal","status":"publish","type":"post","link":"https:\/\/comtal.org\/es\/nuevo-espacio-de-voluntariado-de-la-fundacion-comtal\/","title":{"rendered":"NUEVO ESPACIO DE VOLUNTARIADO DE LA FC"},"content":{"rendered":"<p>Emoci\u00f3n, agradecimiento, eso es todo lo que sentimos el a\u00f1o pasado al recibir el Premio Voluntariado que nos otorg\u00f3 la Generalitat de Catalu\u00f1a. Gracias a este reconocimiento hemos podido crear y promover diversos espacios de participaci\u00f3n. Y hemos tenido la oportunidad de debatir propuestas ligadas a la herramienta, a trav\u00e9s de la cual, queremos mejorar la comunicaci\u00f3n y la implicaci\u00f3n de las personas voluntarias de la entidad.<\/p>\n<p>El resultado es un espacio web nuevo y din\u00e1mico que pretende fomentar la relaci\u00f3n entre las personas voluntarias, el debate y la comunicaci\u00f3n. Un nuevo canal donde poder expresarse, intercambiar informaci\u00f3n, consultar la agenda y el d\u00eda a d\u00eda de la Fundaci\u00f3n. Una herramienta que esperamos que nos haga sentir un poco m\u00e1s cercanos.<\/p>\n<p>Participar en este espacio es muy f\u00e1cil. Si eres voluntario, solo hace falta que entres en la web de la Fundaci\u00f3n Comtal: <a href=\"https:\/\/comtal.org\">www.comtal.org<\/a>\u00a0 y vayas directamente abajo del todo de la p\u00e1gina de entrada. All\u00ed hay un bot\u00f3n donde dice \u201cEspacio Voluntariado\u201d. Clicando, se abrir\u00e1 una nueva ventana que es la Intranet. Ah\u00ed\u00a0 deb\u00e9is daros de alta y ya estar\u00e9is dentro de la nueva comunidad de voluntariado de la entidad.<\/p>\n<p>Para conocer m\u00e1s detalles, los d\u00edas 29 y 30 de Noviembre a las 17h, haremos una presentaci\u00f3n de la herramienta en Sant Pere Mitj\u00e0. La presentaci\u00f3n pr\u00e1ctica no durar\u00e1 m\u00e1s de 20 o 30 minutos.<\/p>\n<p>Si ten\u00e9is cualquier duda, poneos en contacto con Nuria Cus\u00f3 escribiendo un e-mail a voluntariat@comtal.org o llamando al 932954636.<\/p>\n<p>Esperamos encontraros bien pronto en directo o virtualmente!<\/p>\n<p>&nbsp;<\/p>\n","protected":false},"excerpt":{"rendered":"<p>Emoci\u00f3n, agradecimiento, eso es todo lo que sentimos el a\u00f1o pasado al recibir el Premio Voluntariado que nos otorg\u00f3 la Generalitat de Catalu\u00f1a. Gracias a este reconocimiento hemos podido crear [&hellip;]<\/p>\n","protected":false},"author":2,"featured_media":14841,"comment_status":"closed","ping_status":"closed","sticky":false,"template":"","format":"standard","meta":{"footnotes":""},"categories":[1,19],"tags":[],"class_list":["post-14839","post","type-post","status-publish","format-standard","has-post-thumbnail","hentry","category-general","category-general-es"],"_links":{"self":[{"href":"https:\/\/comtal.org\/es\/wp-json\/wp\/v2\/posts\/14839","targetHints":{"allow":["GET"]}}],"collection":[{"href":"https:\/\/comtal.org\/es\/wp-json\/wp\/v2\/posts"}],"about":[{"href":"https:\/\/comtal.org\/es\/wp-json\/wp\/v2\/types\/post"}],"author":[{"embeddable":true,"href":"https:\/\/comtal.org\/es\/wp-json\/wp\/v2\/users\/2"}],"replies":[{"embeddable":true,"href":"https:\/\/comtal.org\/es\/wp-json\/wp\/v2\/comments?post=14839"}],"version-history":[{"count":3,"href":"https:\/\/comtal.org\/es\/wp-json\/wp\/v2\/posts\/14839\/revisions"}],"predecessor-version":[{"id":16361,"href":"https:\/\/comtal.org\/es\/wp-json\/wp\/v2\/posts\/14839\/revisions\/16361"}],"wp:featuredmedia":[{"embeddable":true,"href":"https:\/\/comtal.org\/es\/wp-json\/wp\/v2\/media\/14841"}],"wp:attachment":[{"href":"https:\/\/comtal.org\/es\/wp-json\/wp\/v2\/media?parent=14839"}],"wp:term":[{"taxonomy":"category","embeddable":true,"href":"https:\/\/comtal.org\/es\/wp-json\/wp\/v2\/categories?post=14839"},{"taxonomy":"post_tag","embeddable":true,"href":"https:\/\/comtal.org\/es\/wp-json\/wp\/v2\/tags?post=14839"}],"curies":[{"name":"wp","href":"https:\/\/api.w.org\/{rel}","templated":true}]}}