{"id":14826,"date":"2017-06-22T15:54:34","date_gmt":"2017-06-22T15:54:34","guid":{"rendered":"https:\/\/comtal.org\/?p=14826"},"modified":"2017-06-22T15:54:34","modified_gmt":"2017-06-22T15:54:34","slug":"buscando-un-beneficio-para-todos","status":"publish","type":"post","link":"https:\/\/comtal.org\/es\/buscando-un-beneficio-para-todos\/","title":{"rendered":"BUSCANDO UN BENEFICIO PARA TODOS"},"content":{"rendered":"<p>La presentaci\u00f3n del proyecto \u201cNo quiero quedarme atr\u00e1s. Apoyo a la inserci\u00f3n\u201d que cuenta con el apoyo del GRITIM y de la Universidad Pompeu Fabra abri\u00f3 la mesa redonda \u201cResponsabilidad Corporativa y diversidad en la empresa\u201d. De esta forma, Ainara Garc\u00f3a, Ferr\u00e1n Rof\u00edn y Beth Hinojosa presentaron los objetivos, los resultados y la problem\u00e1tica a la cual, responden las actuaciones que la Fundaci\u00f3n Comtal lleva a cabo para mejorar la inclusi\u00f3n social y laboral de j\u00f3venes extranjeros en situaci\u00f3n de vulnerabilidad en la ciudad de Barcelona<\/p>\n<p><img loading=\"lazy\" decoding=\"async\" class=\" alignnone\" src=\"https:\/\/comtal.org\/wp-content\/uploads\/Imagen14-1024x763.png\" width=\"634\" height=\"472\" \/><\/p>\n<p>Despu\u00e9s de la presentaci\u00f3n, Miriam Hatibi de Ibn Batutta, Josep Maria Lozano de ESADE, Pere Ejarque Guillamar de la Patronal CECOT y Carles Bertran Bruguera del sindicato CCOO discutieron sobre la discriminaci\u00f3n en el mercado laboral y sobre la Responsabilidad Social Empresarial, con la participaci\u00f3n activa de la audiencia. La mesa concluy\u00f3, con la intervenci\u00f3n de M\u00f3nica Figueras, Vicerrectora del Departamento de Responsabilidad Social y Promoci\u00f3n de la UPF<\/p>\n<p>De la jornada, podemos destacar dos conclusiones principales:<\/p>\n<ul>\n<li>Hay din\u00e1micas sociales que no son abordadas por las administraciones p\u00fablicas, por eso, es necesario contar con el apoyo de otros actores, y as\u00ed, abordar las problem\u00e1ticas asociadas. Un ejemplo claro es la Fundaci\u00f3n Comtal, apoyamos a los j\u00f3venes extranjeros que no tienen acceso a ofertas de trabajo, ni oportunidades de formaci\u00f3n a trav\u00e9s de los canales regulares, debido a su situaci\u00f3n de irregularidad.<\/li>\n<\/ul>\n<p>&nbsp;<\/p>\n<ul>\n<li>Es necesario que las administraciones p\u00fablicas y el gobierno incorporen la responsabilidad social en sus agendas y consideren a las empresas privadas como un actor importante que puede ofrecer asistencia a los grupos vulnerables, de forma que esta tarea no recaiga totalmente en las organizaciones no lucrativas.<\/li>\n<\/ul>\n<p>La mesa redonda se organiz\u00f3 en el marco del proyecto Horizonte 2020 \u201cDiasporaLink\u201d sobre la iniciativa empresarial de los inmigrantes, donde GRITIMI-UPF participa como uno de los socios.<\/p>\n<p>Gracias a GRITIM-UPF y a la Universidad Pompeu Fabra por apoyar nuestro proyecto y por fomentar el debate sobre Responsabilidad Social y diversidad en el entorno empresarial, gracias a todos los implicados por participar en la mesa redonda.<\/p>\n<p>&nbsp;<\/p>\n","protected":false},"excerpt":{"rendered":"<p>La presentaci\u00f3n del proyecto \u201cNo quiero quedarme atr\u00e1s. Apoyo a la inserci\u00f3n\u201d que cuenta con el apoyo del GRITIM y de la Universidad Pompeu Fabra abri\u00f3 la mesa redonda \u201cResponsabilidad [&hellip;]<\/p>\n","protected":false},"author":2,"featured_media":14806,"comment_status":"closed","ping_status":"closed","sticky":false,"template":"","format":"standard","meta":{"footnotes":""},"categories":[1,19],"tags":[],"class_list":["post-14826","post","type-post","status-publish","format-standard","has-post-thumbnail","hentry","category-general","category-general-es"],"_links":{"self":[{"href":"https:\/\/comtal.org\/es\/wp-json\/wp\/v2\/posts\/14826","targetHints":{"allow":["GET"]}}],"collection":[{"href":"https:\/\/comtal.org\/es\/wp-json\/wp\/v2\/posts"}],"about":[{"href":"https:\/\/comtal.org\/es\/wp-json\/wp\/v2\/types\/post"}],"author":[{"embeddable":true,"href":"https:\/\/comtal.org\/es\/wp-json\/wp\/v2\/users\/2"}],"replies":[{"embeddable":true,"href":"https:\/\/comtal.org\/es\/wp-json\/wp\/v2\/comments?post=14826"}],"version-history":[{"count":5,"href":"https:\/\/comtal.org\/es\/wp-json\/wp\/v2\/posts\/14826\/revisions"}],"predecessor-version":[{"id":14835,"href":"https:\/\/comtal.org\/es\/wp-json\/wp\/v2\/posts\/14826\/revisions\/14835"}],"wp:featuredmedia":[{"embeddable":true,"href":"https:\/\/comtal.org\/es\/wp-json\/wp\/v2\/media\/14806"}],"wp:attachment":[{"href":"https:\/\/comtal.org\/es\/wp-json\/wp\/v2\/media?parent=14826"}],"wp:term":[{"taxonomy":"category","embeddable":true,"href":"https:\/\/comtal.org\/es\/wp-json\/wp\/v2\/categories?post=14826"},{"taxonomy":"post_tag","embeddable":true,"href":"https:\/\/comtal.org\/es\/wp-json\/wp\/v2\/tags?post=14826"}],"curies":[{"name":"wp","href":"https:\/\/api.w.org\/{rel}","templated":true}]}}