{"id":14818,"date":"2017-06-22T15:45:08","date_gmt":"2017-06-22T15:45:08","guid":{"rendered":"https:\/\/comtal.org\/?p=14818"},"modified":"2017-06-22T15:45:08","modified_gmt":"2017-06-22T15:45:08","slug":"caminamos-compartimos-crecemos","status":"publish","type":"post","link":"https:\/\/comtal.org\/es\/caminamos-compartimos-crecemos\/","title":{"rendered":"CAMINAMOS, COMPARTIMOS, CRECEMOS"},"content":{"rendered":"<p>El \u00c1gora 2016, que se celebr\u00f3 el pasado s\u00e1bado 19 de noviembre con el lema \u201cCaminamos, compartimos, crecemos\u201d en La Salle Congr\u00e9s, tuvo nuevamente una gran acogida entre la comunidad lasalesiana. Participaron 170 educadores y educadoras.<\/p>\n<p>Se organizaron tres \u201cspeak corners\u201d para tratar temas vinculados al compromiso social, el tr\u00e1fico de personas y el drama que padecen los inmigrantes cuando llegan a Europa.<\/p>\n<p>Ferran Rofin, abogado del Servicio de Asesoramiento Jur\u00eddico de la Fundaci\u00f3n Comtal habl\u00f3 de inmigraci\u00f3n y de refugiados y puso el acento en las contradicciones de la Ley de Extranjer\u00eda. Y aclar\u00f3 la confusi\u00f3n que generan los t\u00e9rminos: irregular, ilegal; ilustrando todo el drama de los refugiados en cifras: Hoy hay m\u00e1s de 60 millones de refugiados en el mundo, que en teor\u00eda tienen reconocidos el derecho de asilo, pero \u201cmientras este fin de semana murieron 365 personas intentando cruzar el Mediterr\u00e1neo, nuestra respuesta es poner puertas\u201d La preguntas m\u00e1s provocativa del taller fue: \u201c\u00bfQu\u00e9 pasar\u00eda si murieran 365 personas en la Plaza Catalu\u00f1a?\u201d<\/p>\n<p><span class=\"responsive\"><img loading=\"lazy\" decoding=\"async\" class=\"aligncenter size-full wp-image-14820\" src=\"https:\/\/comtal.org\/wp-content\/uploads\/agora-1-1.jpg\" alt=\"\" width=\"1024\" height=\"718\" \/><\/span><\/p>\n<p>Los compa\u00f1eros de SICAR hablaron sobre tr\u00e1fico de personas, y el consejo de cultura Santi Vila sobre compromiso social desde el \u00e1mbito pol\u00edtico.<\/p>\n<p>SEGUIMOS CAMINANDO, COMPARTIENDO, CRECIENDO!<\/p>\n<p>&nbsp;<\/p>\n<p><span class=\"responsive\"><\/span><img loading=\"lazy\" decoding=\"async\" class=\"wp-image-14822 alignleft\" src=\"https:\/\/comtal.org\/wp-content\/uploads\/agora-3-1.jpg\" alt=\"\" width=\"296\" height=\"222\" \/><span class=\"responsive\"><img loading=\"lazy\" decoding=\"async\" class=\"wp-image-14821 alignleft\" src=\"https:\/\/comtal.org\/wp-content\/uploads\/agora-2-1.jpg\" alt=\"\" width=\"299\" height=\"224\" \/><\/span><\/p>\n<p>&nbsp;<\/p>\n","protected":false},"excerpt":{"rendered":"<p>El \u00c1gora 2016, que se celebr\u00f3 el pasado s\u00e1bado 19 de noviembre con el lema \u201cCaminamos, compartimos, crecemos\u201d en La Salle Congr\u00e9s, tuvo nuevamente una gran acogida entre la comunidad [&hellip;]<\/p>\n","protected":false},"author":2,"featured_media":14824,"comment_status":"closed","ping_status":"closed","sticky":false,"template":"","format":"standard","meta":{"footnotes":""},"categories":[1,19],"tags":[],"class_list":["post-14818","post","type-post","status-publish","format-standard","has-post-thumbnail","hentry","category-general","category-general-es"],"_links":{"self":[{"href":"https:\/\/comtal.org\/es\/wp-json\/wp\/v2\/posts\/14818","targetHints":{"allow":["GET"]}}],"collection":[{"href":"https:\/\/comtal.org\/es\/wp-json\/wp\/v2\/posts"}],"about":[{"href":"https:\/\/comtal.org\/es\/wp-json\/wp\/v2\/types\/post"}],"author":[{"embeddable":true,"href":"https:\/\/comtal.org\/es\/wp-json\/wp\/v2\/users\/2"}],"replies":[{"embeddable":true,"href":"https:\/\/comtal.org\/es\/wp-json\/wp\/v2\/comments?post=14818"}],"version-history":[{"count":2,"href":"https:\/\/comtal.org\/es\/wp-json\/wp\/v2\/posts\/14818\/revisions"}],"predecessor-version":[{"id":14825,"href":"https:\/\/comtal.org\/es\/wp-json\/wp\/v2\/posts\/14818\/revisions\/14825"}],"wp:featuredmedia":[{"embeddable":true,"href":"https:\/\/comtal.org\/es\/wp-json\/wp\/v2\/media\/14824"}],"wp:attachment":[{"href":"https:\/\/comtal.org\/es\/wp-json\/wp\/v2\/media?parent=14818"}],"wp:term":[{"taxonomy":"category","embeddable":true,"href":"https:\/\/comtal.org\/es\/wp-json\/wp\/v2\/categories?post=14818"},{"taxonomy":"post_tag","embeddable":true,"href":"https:\/\/comtal.org\/es\/wp-json\/wp\/v2\/tags?post=14818"}],"curies":[{"name":"wp","href":"https:\/\/api.w.org\/{rel}","templated":true}]}}