{"id":14778,"date":"2017-06-22T14:24:10","date_gmt":"2017-06-22T14:24:10","guid":{"rendered":"https:\/\/comtal.org\/?p=14778"},"modified":"2018-09-05T11:58:30","modified_gmt":"2018-09-05T11:58:30","slug":"para-muchos-ninos-el-mejor-regalo-de-navidad-es","status":"publish","type":"post","link":"https:\/\/comtal.org\/es\/para-muchos-ninos-el-mejor-regalo-de-navidad-es\/","title":{"rendered":"PARA MUCHOS NI\u00d1OS, EL MEJOR REGALO ES&#8230;"},"content":{"rendered":"<p><strong>&#8230; Un nuevo Futuro<\/strong><\/p>\n<p><strong>S\u00famate a la campa\u00f1a solidaria de Navidad<\/strong> y ayuda a nuestros ni\u00f1os a alejarse de la exclusi\u00f3n y la pobreza<\/p>\n<p><span style=\"color: #ff6600;\"><strong>\u00bfC\u00f3mo puedes hacerlo posible?<\/strong><\/span><\/p>\n<ul>\n<li><strong>Regalando la tarjeta solidaria<\/strong> de la Fundaci\u00f3n Comtal a tus amigos, compa\u00f1eros o clientes para felicitar la navidad<\/li>\n<\/ul>\n<p>Los ni\u00f1os y j\u00f3venes de la Fundaci\u00f3n se han querido implicar para hacer de esta tarjeta, algo m\u00e1s que una felicitaci\u00f3n. Dentro de cada encontrar\u00e1s una estrella con los sue\u00f1os de futuro escritos por ellos.<\/p>\n<ul>\n<li><strong>Recogiendo alimentos perdurables, material escolar y regalos para ni\u00f1os y j\u00f3venes de 3 a 18 a\u00f1os<\/strong><\/li>\n<\/ul>\n<p>Los alimentos se utilizar\u00e1n al o largo del a\u00f1o en el hogar donde viven 4 j\u00f3venes sin apoyo familiar y los talleres de cocina saludable organizados con los ni\u00f1os, los j\u00f3venes y las familias de los programes sociales. Todos los regalos y el material escolar han de ser Nuevos y sin envolver, se repartir\u00e1n entre los m\u00e1s de 200 ni\u00f1os, adolescentes y j\u00f3venes sin recursos de la Fundaci\u00f3n Comtal en las colebraciones del Ti\u00f3 y de los reyes.<\/p>\n<p>Recogida de regalos: del 12 al 23 de diciembre<\/p>\n<p>Recogida de alimentos y material escolar: Del 12 de diciembre al 13 de enero<\/p>\n<p>\u00bfD\u00f3nde se deja? En la Calle Allada Vermell 5, de Barcelona<\/p>\n<p><span style=\"color: #3366ff;\"><strong>Si quieres colaborar recogiendo alimentos, material escolar y regalos, ponte en contacto con nosotros y te diremos todo lo que necesitamos.<\/strong><\/span><\/p>\n<p>Persona de contacto: Ainara Garc\u00eda. comunicacio@comtal.org \/ 932954636 \/ 609734340<\/p>\n<p>&nbsp;<\/p>\n","protected":false},"excerpt":{"rendered":"<p>&#8230; Un nuevo Futuro S\u00famate a la campa\u00f1a solidaria de Navidad y ayuda a nuestros ni\u00f1os a alejarse de la exclusi\u00f3n y la pobreza \u00bfC\u00f3mo puedes hacerlo posible? Regalando la [&hellip;]<\/p>\n","protected":false},"author":2,"featured_media":14780,"comment_status":"closed","ping_status":"closed","sticky":false,"template":"","format":"standard","meta":{"footnotes":""},"categories":[19],"tags":[],"class_list":["post-14778","post","type-post","status-publish","format-standard","has-post-thumbnail","hentry","category-general-es"],"_links":{"self":[{"href":"https:\/\/comtal.org\/es\/wp-json\/wp\/v2\/posts\/14778","targetHints":{"allow":["GET"]}}],"collection":[{"href":"https:\/\/comtal.org\/es\/wp-json\/wp\/v2\/posts"}],"about":[{"href":"https:\/\/comtal.org\/es\/wp-json\/wp\/v2\/types\/post"}],"author":[{"embeddable":true,"href":"https:\/\/comtal.org\/es\/wp-json\/wp\/v2\/users\/2"}],"replies":[{"embeddable":true,"href":"https:\/\/comtal.org\/es\/wp-json\/wp\/v2\/comments?post=14778"}],"version-history":[{"count":4,"href":"https:\/\/comtal.org\/es\/wp-json\/wp\/v2\/posts\/14778\/revisions"}],"predecessor-version":[{"id":16363,"href":"https:\/\/comtal.org\/es\/wp-json\/wp\/v2\/posts\/14778\/revisions\/16363"}],"wp:featuredmedia":[{"embeddable":true,"href":"https:\/\/comtal.org\/es\/wp-json\/wp\/v2\/media\/14780"}],"wp:attachment":[{"href":"https:\/\/comtal.org\/es\/wp-json\/wp\/v2\/media?parent=14778"}],"wp:term":[{"taxonomy":"category","embeddable":true,"href":"https:\/\/comtal.org\/es\/wp-json\/wp\/v2\/categories?post=14778"},{"taxonomy":"post_tag","embeddable":true,"href":"https:\/\/comtal.org\/es\/wp-json\/wp\/v2\/tags?post=14778"}],"curies":[{"name":"wp","href":"https:\/\/api.w.org\/{rel}","templated":true}]}}