{"id":14768,"date":"2017-06-22T14:10:04","date_gmt":"2017-06-22T14:10:04","guid":{"rendered":"https:\/\/comtal.org\/?p=14768"},"modified":"2017-06-22T16:29:00","modified_gmt":"2017-06-22T16:29:00","slug":"ayudale-a-reescribir-su-futuro","status":"publish","type":"post","link":"https:\/\/comtal.org\/es\/ayudale-a-reescribir-su-futuro\/","title":{"rendered":"AYUDALE A REESCRIBIR SU FUTURO"},"content":{"rendered":"<p>Lanzamos una nueva campa\u00f1a de sensibilizaci\u00f3n coincidiendo con el inicio del curso escolar, un momento clave para remarcar la importancia de la educaci\u00f3n como motor de cambio y de transformaci\u00f3n. \u201cAyudale a reescribir su futuro\u201d es el lema escogido para concienciar a la sociedad acerca de que su ayuda es clave para los ni\u00f1os y j\u00f3venes en situaci\u00f3n de vulnerabilidad puedan cerrar el c\u00edrculo de exclusi\u00f3n social en el que viven.<\/p>\n<p>La Fundaci\u00f3n Foessa public\u00f3 un estudio en abril de 2016 en el que se refleja una situaci\u00f3n alarmante: \u201cEl 80% de los ni\u00f1os que nacen pobres continuaran siendo pobres cuando sean adultos\u201d. Esto pone de manifiesto la heredabilidad de la pobreza a la que se enfrentan los ni\u00f1os y j\u00f3venes que acompa\u00f1amos y contra la que luchamos.<\/p>\n<p>Lo que queremos transmitir, es que, para salir de esta situaci\u00f3n, los ni\u00f1os y j\u00f3venes no solo necesitan tener cubiertas sus necesidades b\u00e1sicas. Tambi\u00e9n necesitan apoyo educativo y emocional, formaci\u00f3n, motivaci\u00f3n, y alguien que les escuche y les acompa\u00f1e de manera constante. Todo es vital para que puedan cerrar el c\u00edrculo de exclusi\u00f3n y transformar las dificultades que viven.<\/p>\n<p>En la Fundaci\u00f3n Comtal, convencidos de que todos se merecen una oportunidad, luchamos para cambiar esta situaci\u00f3n. Nuestro objetivo es mejorar la calidad de vida de las personas m\u00e1s desfavorecidas m\u00e1s all\u00e1 de su procedencia, situaci\u00f3n econ\u00f3mica o familiar.<\/p>\n<p>No solo los acogemos, acompa\u00f1amos, orientamos y formamos sino que tambi\u00e9n los ayudamos a resolver los problemas con los que se encuentran en la escuela o con la familia, y a encontrar trabajo. Con la ayuda del gran grupo de colaboradores y voluntarios, los recibimos con una sonrisa de oreja a oreja y los ayudamos a reescribir su futuro.<\/p>\n<p>El anterior curso hemos atendido a 2.200 ni\u00f1os, adolescentes y j\u00f3venes con dificultades, pero queda mucho trabajo por hacer. Porque reescribir futuro es reescribir la educaci\u00f3n, la situaci\u00f3n familiar y laboral de todos estos ni\u00f1os y j\u00f3venes y\u00a0 de mucho m\u00e1s.<\/p>\n","protected":false},"excerpt":{"rendered":"<p>Lanzamos una nueva campa\u00f1a de sensibilizaci\u00f3n coincidiendo con el inicio del curso escolar, un momento clave para remarcar la importancia de la educaci\u00f3n como motor de cambio y de transformaci\u00f3n. [&hellip;]<\/p>\n","protected":false},"author":2,"featured_media":14873,"comment_status":"closed","ping_status":"closed","sticky":false,"template":"","format":"standard","meta":{"footnotes":""},"categories":[1,19],"tags":[],"class_list":["post-14768","post","type-post","status-publish","format-standard","has-post-thumbnail","hentry","category-general","category-general-es"],"_links":{"self":[{"href":"https:\/\/comtal.org\/es\/wp-json\/wp\/v2\/posts\/14768","targetHints":{"allow":["GET"]}}],"collection":[{"href":"https:\/\/comtal.org\/es\/wp-json\/wp\/v2\/posts"}],"about":[{"href":"https:\/\/comtal.org\/es\/wp-json\/wp\/v2\/types\/post"}],"author":[{"embeddable":true,"href":"https:\/\/comtal.org\/es\/wp-json\/wp\/v2\/users\/2"}],"replies":[{"embeddable":true,"href":"https:\/\/comtal.org\/es\/wp-json\/wp\/v2\/comments?post=14768"}],"version-history":[{"count":2,"href":"https:\/\/comtal.org\/es\/wp-json\/wp\/v2\/posts\/14768\/revisions"}],"predecessor-version":[{"id":14874,"href":"https:\/\/comtal.org\/es\/wp-json\/wp\/v2\/posts\/14768\/revisions\/14874"}],"wp:featuredmedia":[{"embeddable":true,"href":"https:\/\/comtal.org\/es\/wp-json\/wp\/v2\/media\/14873"}],"wp:attachment":[{"href":"https:\/\/comtal.org\/es\/wp-json\/wp\/v2\/media?parent=14768"}],"wp:term":[{"taxonomy":"category","embeddable":true,"href":"https:\/\/comtal.org\/es\/wp-json\/wp\/v2\/categories?post=14768"},{"taxonomy":"post_tag","embeddable":true,"href":"https:\/\/comtal.org\/es\/wp-json\/wp\/v2\/tags?post=14768"}],"curies":[{"name":"wp","href":"https:\/\/api.w.org\/{rel}","templated":true}]}}