{"id":14760,"date":"2017-06-21T16:35:29","date_gmt":"2017-06-21T16:35:29","guid":{"rendered":"https:\/\/comtal.org\/?p=14760"},"modified":"2017-06-21T16:35:29","modified_gmt":"2017-06-21T16:35:29","slug":"bienvenidos-al-nuevo-curso-2016-2017","status":"publish","type":"post","link":"https:\/\/comtal.org\/es\/bienvenidos-al-nuevo-curso-2016-2017\/","title":{"rendered":"BIENVENIDOS AL NUEVO CURSO 2016-2017"},"content":{"rendered":"<p>Estamos muy ilusionados, el 21 de septiembre, en el Dia Mundial de la Paz, nos vamos a reunir con el grupo de voluntarios y voluntarias que dedican parte de su tiempo a los ni\u00f1os, adolescentes y j\u00f3venes del barrio que m\u00e1s lo necesitan.<\/p>\n<p>A las 18,30h comenz\u00f3 la bienvenida, con un total de 34 personas participantes. Los voluntarios y voluntarias y profesionales de las diferentes \u00e1reas explicaron las propuestas de voluntariado para este curso. Propuestas educativas para ni\u00f1os, adolescentes y j\u00f3venes como el refuerzo escolar, la mentor\u00eda juvenil y las actividades l\u00fadicas. Propuestas dedicadas a dar apoyo a la b\u00fasqueda de trabajo y asesor\u00eda jur\u00eddica&#8230; Tambi\u00e9n hablamos de las diversas acciones pntutales como las que hacemos para la Campa\u00f1a de Navidad, de Sant Jordi o los casals de verano.<\/p>\n<p>Una voluntaria nos habl\u00f3 tambi\u00e9n de la necesidad de abrir los ojos y \u201cmirar individualmente cada caso\u201d para proponer las opciones que m\u00e1s se ajustan al momento vital de cada ni\u00f1o o joven. Compartimos otros testimonios y aprovechamos para\u00a0 animar a los nuevos voluntarios en un momento muy especial, el inicio del curso.<\/p>\n<h6><span class=\"responsive\"><img loading=\"lazy\" decoding=\"async\" class=\"wp-image-14762 alignleft\" src=\"https:\/\/comtal.org\/wp-content\/uploads\/14352593_1083660378355383_8399307116030762066_o-1024x768-2.jpg\" alt=\"\" width=\"299\" height=\"225\" srcset=\"https:\/\/comtal.org\/wp-content\/uploads\/14352593_1083660378355383_8399307116030762066_o-1024x768-2.jpg 1024w, https:\/\/comtal.org\/wp-content\/uploads\/14352593_1083660378355383_8399307116030762066_o-1024x768-2-300x225.jpg 300w, https:\/\/comtal.org\/wp-content\/uploads\/14352593_1083660378355383_8399307116030762066_o-1024x768-2-768x576.jpg 768w, https:\/\/comtal.org\/wp-content\/uploads\/14352593_1083660378355383_8399307116030762066_o-1024x768-2-172x129.jpg 172w\" sizes=\"auto, (max-width: 299px) 100vw, 299px\" \/><\/span><span class=\"responsive\"><img loading=\"lazy\" decoding=\"async\" class=\"wp-image-14763 alignleft\" src=\"https:\/\/comtal.org\/wp-content\/uploads\/14433020_1083660385022049_5976840466329792310_n-2.jpg\" alt=\"\" width=\"286\" height=\"215\" srcset=\"https:\/\/comtal.org\/wp-content\/uploads\/14433020_1083660385022049_5976840466329792310_n-2.jpg 480w, https:\/\/comtal.org\/wp-content\/uploads\/14433020_1083660385022049_5976840466329792310_n-2-300x225.jpg 300w, https:\/\/comtal.org\/wp-content\/uploads\/14433020_1083660385022049_5976840466329792310_n-2-172x129.jpg 172w\" sizes=\"auto, (max-width: 286px) 100vw, 286px\" \/><\/span><\/h6>\n<p>&nbsp;<\/p>\n<p>&nbsp;<\/p>\n<p>&nbsp;<\/p>\n<p>&nbsp;<\/p>\n<p>&nbsp;<\/p>\n<p>Si quieres hacer voluntariado en Barcelona este nuevo curso, ponte en contacto con nosotros llamando al 93295436 o escribiendo un e-mail a voluntariat@comtal.org<\/p>\n<p>Todo lo que hacemos es posible gracias al trabajo incansable del equipo de voluntarios y voluntarias!<\/p>\n<p>&nbsp;<\/p>\n","protected":false},"excerpt":{"rendered":"<p>Estamos muy ilusionados, el 21 de septiembre, en el Dia Mundial de la Paz, nos vamos a reunir con el grupo de voluntarios y voluntarias que dedican parte de su [&hellip;]<\/p>\n","protected":false},"author":2,"featured_media":14764,"comment_status":"closed","ping_status":"closed","sticky":false,"template":"","format":"standard","meta":{"footnotes":""},"categories":[1,19],"tags":[],"class_list":["post-14760","post","type-post","status-publish","format-standard","has-post-thumbnail","hentry","category-general","category-general-es"],"_links":{"self":[{"href":"https:\/\/comtal.org\/es\/wp-json\/wp\/v2\/posts\/14760","targetHints":{"allow":["GET"]}}],"collection":[{"href":"https:\/\/comtal.org\/es\/wp-json\/wp\/v2\/posts"}],"about":[{"href":"https:\/\/comtal.org\/es\/wp-json\/wp\/v2\/types\/post"}],"author":[{"embeddable":true,"href":"https:\/\/comtal.org\/es\/wp-json\/wp\/v2\/users\/2"}],"replies":[{"embeddable":true,"href":"https:\/\/comtal.org\/es\/wp-json\/wp\/v2\/comments?post=14760"}],"version-history":[{"count":3,"href":"https:\/\/comtal.org\/es\/wp-json\/wp\/v2\/posts\/14760\/revisions"}],"predecessor-version":[{"id":14767,"href":"https:\/\/comtal.org\/es\/wp-json\/wp\/v2\/posts\/14760\/revisions\/14767"}],"wp:featuredmedia":[{"embeddable":true,"href":"https:\/\/comtal.org\/es\/wp-json\/wp\/v2\/media\/14764"}],"wp:attachment":[{"href":"https:\/\/comtal.org\/es\/wp-json\/wp\/v2\/media?parent=14760"}],"wp:term":[{"taxonomy":"category","embeddable":true,"href":"https:\/\/comtal.org\/es\/wp-json\/wp\/v2\/categories?post=14760"},{"taxonomy":"post_tag","embeddable":true,"href":"https:\/\/comtal.org\/es\/wp-json\/wp\/v2\/tags?post=14760"}],"curies":[{"name":"wp","href":"https:\/\/api.w.org\/{rel}","templated":true}]}}