{"id":14716,"date":"2017-06-21T15:32:45","date_gmt":"2017-06-21T15:32:45","guid":{"rendered":"https:\/\/comtal.org\/?p=14716"},"modified":"2018-09-05T11:59:50","modified_gmt":"2018-09-05T11:59:50","slug":"quieres-formarte-para-acceder-al-mundo-laboral","status":"publish","type":"post","link":"https:\/\/comtal.org\/es\/quieres-formarte-para-acceder-al-mundo-laboral\/","title":{"rendered":"\u00bfQUIERES FORMARTE PARA ACCEDER A UN TRABAJO?"},"content":{"rendered":"<p>Llevamos semanas preparando materiales, haciendo reuniones de equipo, atendiendo a familias, j\u00f3venes\u2026 porque ya hemos dado el toque de salida de muchos de los programas de la casa! Y en breve comenzar\u00e1n otros, dirigidos sobre todo a la formaci\u00f3n de personas desocupadas y con ganas de trabajar. Preparados, listo, ya!<\/p>\n<p>La Fundaci\u00f3n Comtal empieza los nuevos cursos de formaci\u00f3n y capacitai\u00f3n del curso 2016-2017<\/p>\n<p><strong>LAVANDER\u00cdA<\/strong><\/p>\n<ul>\n<li><strong>Calendario:<\/strong>7 de octubre a 31 de diciembre<\/li>\n<li><strong>Horario:<\/strong>9 a 14h o 14 a 19h<\/li>\n<li><strong>Lugar de realizaci\u00f3n:<\/strong>Fundaci\u00f3n Comtal y Fundaci\u00f3n Roure<\/li>\n<li><strong>Temario:<\/strong>100h de competencias transversales, 100h horas de competencias t\u00e8cnicas y 100h de pr\u00e0cticas en empresa<\/li>\n<li><strong>Requisitos:<\/strong>Estar\u00a0en paro, tener permiso de trabajo, y una edad comprendida entre los\u00a016 y los 65 a\u00f1os<\/li>\n<li><strong>Sesi\u00f3n informativa:<\/strong>29\/09\/16 a las 10h a St Pere Mitj\u00e0, 81<\/li>\n<li><strong>Datos de contacto:<\/strong><a href=\"mailto:aprenitreballa@comtal.org\">aprenitreballa@comtal.org<\/a>.\u00a0637 597 103<\/li>\n<\/ul>\n<p><strong>AYUDANTE DE COMERCIO<\/strong><\/p>\n<ul>\n<li><strong>Calendario:<\/strong>30 de septiembre a 31 de diciembre<\/li>\n<li><strong>Horario<\/strong>:\u00a09 a 14 h<\/li>\n<li><strong>Lugar de realizaci\u00f3n<\/strong>:\u00a0Salle Barceloneta<\/li>\n<li><strong>Temario<\/strong>:\u00a0100h de competencias transversales,\u00a0100h horas de competencias tecnicas,\u00a0100h de practicas en empresa<\/li>\n<li><strong>Requisitos<\/strong>:\u00a0Estar\u00a0en paro, tener permiso de trabajo, y una edad comprendida entre los\u00a016 y los 65 a\u00f1os<\/li>\n<li><strong>Sesi\u00f3n informativa<\/strong>:\u00a022\/09\/16 a las 10h a St Pere Mitj\u00e0, 81<\/li>\n<li><strong>Datos de contacto<\/strong>:\u00a0<a href=\"mailto:aprenitreballa@comtal.org\">aprenitreballa@comtal.org<\/a>.\u00a0637 597 103<\/li>\n<\/ul>\n<p><strong>PRUEBA DE OFICIOS<\/strong><\/p>\n<ul>\n<li><strong>Calendario<\/strong>: 3 de octubre a 23 de diciembre<\/li>\n<li><strong>Horario:<\/strong>9 a 13 30 h<\/li>\n<li><strong>Lugar de realizaci\u00f3n<\/strong>:\u00a0Sant Pere Mitj\u00e0, 81. Barcelona<\/li>\n<li><strong>Temario:<\/strong>Tres itinerarios diferentes:\u00a0Madera y eletricidad, electr\u00f3nica y rob\u00f3tica, comercio<\/li>\n<li><strong>Requisitos<\/strong>:\u00a0Tener\u00a0una edad comprendida entre los 16 y 21 a\u00f1os<\/li>\n<li><strong>Sesi\u00f3n informativa<\/strong>:\u00a023\/09\/16 a las 10h a St Pere Mitj\u00e0, 81<\/li>\n<li><strong>Datos de contacto<\/strong>:\u00a0<a href=\"mailto:aprenitreballa@comtal.org\">aprenitreballa@comtal.org<\/a>.\u00a0637 597 103<\/li>\n<\/ul>\n<p><strong>PFI HOSTELERIA<\/strong><\/p>\n<ul>\n<li><strong>Calendario:<\/strong>23 de septiembre 2016 a 30 de junio 2017<\/li>\n<li><strong>Horario:<\/strong>15h a 20 30h<\/li>\n<li><strong>Lugar de realizaci\u00f3n:<\/strong>C\/ Lled\u00f3, 11. Barcelona<\/li>\n<li><strong>Requisitos:<\/strong>Tener\u00a0una edad comprendida\u00a0 entre 16 y 21 a\u00f1os, sin t\u00edtulo en ESO<\/li>\n<li><strong>Datos de contacto:\u00a0<\/strong><a href=\"mailto:aprenitreballa@comtal.org\">pqpi@comtal.org<\/a>.\u00a0687 668 663<\/li>\n<\/ul>\n","protected":false},"excerpt":{"rendered":"<p>Llevamos semanas preparando materiales, haciendo reuniones de equipo, atendiendo a familias, j\u00f3venes\u2026 porque ya hemos dado el toque de salida de muchos de los programas de la casa! Y en [&hellip;]<\/p>\n","protected":false},"author":2,"featured_media":14715,"comment_status":"closed","ping_status":"closed","sticky":false,"template":"","format":"standard","meta":{"footnotes":""},"categories":[1,19],"tags":[],"class_list":["post-14716","post","type-post","status-publish","format-standard","has-post-thumbnail","hentry","category-general","category-general-es"],"_links":{"self":[{"href":"https:\/\/comtal.org\/es\/wp-json\/wp\/v2\/posts\/14716","targetHints":{"allow":["GET"]}}],"collection":[{"href":"https:\/\/comtal.org\/es\/wp-json\/wp\/v2\/posts"}],"about":[{"href":"https:\/\/comtal.org\/es\/wp-json\/wp\/v2\/types\/post"}],"author":[{"embeddable":true,"href":"https:\/\/comtal.org\/es\/wp-json\/wp\/v2\/users\/2"}],"replies":[{"embeddable":true,"href":"https:\/\/comtal.org\/es\/wp-json\/wp\/v2\/comments?post=14716"}],"version-history":[{"count":4,"href":"https:\/\/comtal.org\/es\/wp-json\/wp\/v2\/posts\/14716\/revisions"}],"predecessor-version":[{"id":16364,"href":"https:\/\/comtal.org\/es\/wp-json\/wp\/v2\/posts\/14716\/revisions\/16364"}],"wp:featuredmedia":[{"embeddable":true,"href":"https:\/\/comtal.org\/es\/wp-json\/wp\/v2\/media\/14715"}],"wp:attachment":[{"href":"https:\/\/comtal.org\/es\/wp-json\/wp\/v2\/media?parent=14716"}],"wp:term":[{"taxonomy":"category","embeddable":true,"href":"https:\/\/comtal.org\/es\/wp-json\/wp\/v2\/categories?post=14716"},{"taxonomy":"post_tag","embeddable":true,"href":"https:\/\/comtal.org\/es\/wp-json\/wp\/v2\/tags?post=14716"}],"curies":[{"name":"wp","href":"https:\/\/api.w.org\/{rel}","templated":true}]}}