{"id":14335,"date":"2017-02-06T17:07:31","date_gmt":"2017-02-06T17:07:31","guid":{"rendered":"https:\/\/comtal.org\/?p=14335"},"modified":"2017-03-02T17:12:43","modified_gmt":"2017-03-02T17:12:43","slug":"2n-concert-solidari-per-un-mon-doportunitats","status":"publish","type":"post","link":"https:\/\/comtal.org\/es\/2n-concert-solidari-per-un-mon-doportunitats\/","title":{"rendered":"2n CONCERT SOLIDARI PER UN M\u00d3N D&#8217;OPORTUNITATS"},"content":{"rendered":"<p class=\"x_MsoNormal\">La nit del 27 de gener va ser molt especial, perqu\u00e8 entre tots\u00a0i totes la vam fer m\u00e0gica. <strong>Els alumnes, els professors i la comunitat educativa de La Salle Catalunya m\u00e9s solid\u00e0ria ho van donar tot al teatre de La Salle Bonanova per fer realitat el 2n Concert Cors Solidaris per un M\u00f3n d&#8217;Oportunitats<\/strong>.<\/p>\n<p class=\"x_MsoNormal\">Vam comptar amb la participaci\u00f3 de 9 grups musicals i la col\u00b7laboraci\u00f3 de 8 escoles diferents. <b>La Salle Barceloneta, La Salle Bonanova, La Salle Comtal, La Salle Congr\u00e9s, La Salle Gr\u00e0cia, La Salle Montcada i Reixac, La Salle Premi\u00e0 de Mar i La Salle Sant Celoni.\u00a0Un concert amb molta qualitat musical, fet a casa. <\/b><\/p>\n<p class=\"x_MsoNormal\"><strong>Grups de rock, orquestres i cors a cappella van omplir l&#8217;escenari per fer versions de can\u00e7ons per tots conegudes&#8230;<\/strong> El concert va comen\u00e7ar amb el Cor Jove de Ciutat Vella, que patrocina l\u2019Orfe\u00f3 Catal\u00e0 del Palau de la M\u00fasica Catalana. La majoria dels components s\u00f3n alumnes i exalumnes de La Salle Comtal. I va cloure amb la participaci\u00f3 del Grup 70xset per convidar a pujar l\u2019escenari a tots els participants i cantar conjuntament la can\u00e7\u00f3 final, del lema d\u2019enguany. L\u2019acte va ser conduit per en Tom\u00e0s Roy, antic alumne de La Salle Bonanova.<\/p>\n<p class=\"x_MsoNormal\">El fil conductor del\u00a0concert va girar entorn al DENIP, \u201cDia Escolar de la No viol\u00e8ncia i la Pau\u201d i va servir per sensibilitzar i <b>donar a con\u00e8ixer el que a la Fundaci\u00f3 Comtal i la Fundaci\u00f3 Proide fem per donar oportunitats educatives als m\u00e9s vulnerables.<\/b><\/p>\n<p class=\"x_MsoNormal\">El concert es va celebrar per dues bones causes. <strong>Tots els beneficis obtinguts es destinaran a\u00a0la Llar Gm\u00e0. Adri\u00e0, un programa que acull joves que no tenen recursos ni suport familiar a trav\u00e9s de la Fundaci\u00f3 Comtal i al Projecte Fratelli, per a refugiats sirians i persones en situaci\u00f3 de risc social del L\u00edban a trav\u00e9s de la Fundaci\u00f3 Proide.<\/strong><\/p>\n<p class=\"x_MsoNormal\">Gr\u00e0cies a tots els cors per fer de la m\u00fasica una excusa per a la solidaritat. Gr\u00e0cies a Revisa\u00a0per\u00a0fer donaci\u00f3 dels productes pel bar. Gr\u00e0cies a l\u2019Ajuntament de Barcelona pel pr\u00e9stec de les tarimes. Gr\u00e0cies a tots els voluntaris, als organitzadors, al presentador, al nois del Programa de Formaci\u00f3 i Cuina de la Fundaci\u00f3 Comtal per portar el bar. Gr\u00e0cies al Bar\u00e7a i a l\u2019Espanyol per\u00a0cedir una samarreta i una pilota signada pels respectius jugadors pel\u00a0sorteig. Gr\u00e0cies a Gr\u00e0fiques Forte i Atr\u00e1palo per tamb\u00e9 col\u00b7laborar. Gr\u00e0cies als alumnes, als professors i a tota la comunitat educativa.\u00a0Gr\u00e0cies a tots els que vau venir per aportar el vostre granet de sorra.<\/p>\n<p class=\"x_MsoNormal\"><strong>A tots i a totes, gr\u00e0cies per sumar!\u00a0<\/strong><span style=\"color: #ff9900;\"><strong><a style=\"color: #ff9900;\" href=\"https:\/\/www.flickr.com\/photos\/campanyatriaespai_fundaciocomtal\/sets\/72157677983143161\" target=\"_blank\" rel=\"noopener\">No et perdis l&#8217;\u00e0lbum de fotos!<\/a><\/strong><\/span><\/p>\n<p class=\"x_MsoNormal\">\n","protected":false},"excerpt":{"rendered":"<p>La nit del 27 de gener va ser molt especial, perqu\u00e8 entre tots\u00a0i totes la vam fer m\u00e0gica. Els alumnes, els professors i la comunitat educativa de La Salle Catalunya [&hellip;]<\/p>\n","protected":false},"author":2,"featured_media":14337,"comment_status":"closed","ping_status":"closed","sticky":false,"template":"","format":"standard","meta":{"footnotes":""},"categories":[3,1,37,17,5,14],"tags":[],"class_list":["post-14335","post","type-post","status-publish","format-standard","has-post-thumbnail","hentry","category-fundaciocomtal","category-general","category-la-salle","category-nadal","category-solidaritat","category-voluntariat"],"_links":{"self":[{"href":"https:\/\/comtal.org\/es\/wp-json\/wp\/v2\/posts\/14335","targetHints":{"allow":["GET"]}}],"collection":[{"href":"https:\/\/comtal.org\/es\/wp-json\/wp\/v2\/posts"}],"about":[{"href":"https:\/\/comtal.org\/es\/wp-json\/wp\/v2\/types\/post"}],"author":[{"embeddable":true,"href":"https:\/\/comtal.org\/es\/wp-json\/wp\/v2\/users\/2"}],"replies":[{"embeddable":true,"href":"https:\/\/comtal.org\/es\/wp-json\/wp\/v2\/comments?post=14335"}],"version-history":[{"count":5,"href":"https:\/\/comtal.org\/es\/wp-json\/wp\/v2\/posts\/14335\/revisions"}],"predecessor-version":[{"id":14438,"href":"https:\/\/comtal.org\/es\/wp-json\/wp\/v2\/posts\/14335\/revisions\/14438"}],"wp:featuredmedia":[{"embeddable":true,"href":"https:\/\/comtal.org\/es\/wp-json\/wp\/v2\/media\/14337"}],"wp:attachment":[{"href":"https:\/\/comtal.org\/es\/wp-json\/wp\/v2\/media?parent=14335"}],"wp:term":[{"taxonomy":"category","embeddable":true,"href":"https:\/\/comtal.org\/es\/wp-json\/wp\/v2\/categories?post=14335"},{"taxonomy":"post_tag","embeddable":true,"href":"https:\/\/comtal.org\/es\/wp-json\/wp\/v2\/tags?post=14335"}],"curies":[{"name":"wp","href":"https:\/\/api.w.org\/{rel}","templated":true}]}}